{"id":190096,"date":"2021-10-22T15:19:42","date_gmt":"2021-10-22T18:19:42","guid":{"rendered":"https:\/\/diarioregionaldigital.com.br\/?p=190096"},"modified":"2021-10-22T15:19:42","modified_gmt":"2021-10-22T18:19:42","slug":"jogos-escolares-brasileiros-2021-poderao-contar-com-publico","status":"publish","type":"post","link":"https:\/\/diarioregionaldigital.com.br\/?p=190096","title":{"rendered":"Jogos Escolares Brasileiros 2021 poder\u00e3o contar com p\u00fablico"},"content":{"rendered":"<p>Os Jogos Escolares Brasileiros \u2013 JEB\u2019s 2021, que t\u00eam in\u00edcio no dia 29 de outubro no Rio de Janeiro e se encerram em 5 de novembro, poder\u00e3o ser disputados com a presen\u00e7a de p\u00fablico. A competi\u00e7\u00e3o, aberta a estudantes de 12 a 14 anos, e que retorna este ano ao calend\u00e1rio escolar ap\u00f3s 17 anos sem ser realizada, ter\u00e1 mais de 5 mil estudantes das 27 unidades da Federa\u00e7\u00e3o.<\/p>\n<blockquote class=\"pullquote\"><p>Al\u00e9m de pais, familiares e amigos dos participantes, os estudantes que n\u00e3o disputam os JEB\u2019s poder\u00e3o v\u00ea-lo de perto. Isso se torna um elemento a mais de motiva\u00e7\u00e3o para que aqueles que n\u00e3o participam desta edi\u00e7\u00e3o possam se planejar para treinar alguma modalidade com o objetivo de estarem nas pr\u00f3ximas\u201d<\/p>\n<p><em>Marcelo Magalh\u00e3es, secret\u00e1rio especial do Esporte do Minist\u00e9rio da Cidadania<\/em><\/p><\/blockquote>\n<p>A decis\u00e3o de que as competi\u00e7\u00f5es das 17 modalidades poder\u00e3o ser acompanhadas de perto pelo p\u00fablico est\u00e1 amparada por decreto publicado pela Prefeitura da Cidade do Rio de janeiro no \u00faltimo dia 17 de outubro.<\/p>\n<p>\u201cFica autorizada a realiza\u00e7\u00e3o de competi\u00e7\u00f5es esportivas com presen\u00e7a de p\u00fablico em est\u00e1dios e gin\u00e1sios, com esquema vacinal completo de todos os presentes, respeitada a lota\u00e7\u00e3o de 50% da capacidade do ambiente\u201d, determina o decreto publicado no Di\u00e1rio Oficial.<\/p>\n<p>Assim, para ter acesso \u00e0s arenas do Parque Ol\u00edmpico da Barra, onde ser\u00e3o disputadas a maior parte das modalidades, ser\u00e1 necess\u00e1rio a apresenta\u00e7\u00e3o da carteira de vacina\u00e7\u00e3o de acordo com protocolo sanit\u00e1rio estipulado pela Prefeitura do Rio de Janeiro.<\/p>\n<p>Por \u201cesquema vacinal completo\u201d entende-se o grupo formado por idosos acima de 60 anos que j\u00e1 tenham tomado a dose de refor\u00e7o da vacina contra a Covid-19, ap\u00f3s 14 dias da aplica\u00e7\u00e3o, e por pessoas entre 15 e 59 anos, de acordo com o calend\u00e1rio de vacina\u00e7\u00e3o (primeira dose, segunda dose ou dose \u00fanica), tamb\u00e9m ap\u00f3s duas semanas desde a vacina\u00e7\u00e3o.<\/p>\n<p>\u201cO fato de a presen\u00e7a de p\u00fablico nas arenas estar autorizada contribui ainda mais para o sucesso do evento\u201d, avalia o secret\u00e1rio Especial do Esporte do Minist\u00e9rio da Cidadania, Marcelo Magalh\u00e3es. \u201cAl\u00e9m de pais, familiares e amigos dos participantes, os estudantes que n\u00e3o disputam os JEB\u2019s poder\u00e3o v\u00ea-lo de perto. Isso se torna um elemento a mais de motiva\u00e7\u00e3o para que aqueles que n\u00e3o participam desta edi\u00e7\u00e3o possam se planejar para treinar alguma modalidade com o objetivo de estarem nas pr\u00f3ximas\u201d, completa o secret\u00e1rio.<\/p>\n<p>Para o ano que vem, os JEB\u2019s ser\u00e3o classificat\u00f3rios para os Jogos Sul-Americanos Escolares, que ser\u00e3o disputados em 2022 no Brasil. Em 2023, os Jogos Mundiais Escolares Sub-15 tamb\u00e9m ser\u00e3o disputados no Rio de Janeiro.<\/p>\n<p><b>Parque Ol\u00edmpico<\/b><\/p>\n<p>Os JEB\u2019s ter\u00e3o disputas oficiais em 17 modalidades: atletismo, basquete, futsal, handebol, jud\u00f4, v\u00f4lei, v\u00f4lei de praia, nata\u00e7\u00e3o, t\u00eanis de mesa, xadrez, carat\u00ea, wrestling, gin\u00e1stica art\u00edstica, gin\u00e1stica r\u00edtmica, badminton, ciclismo e taekwondo. Al\u00e9m disso, o evento contar\u00e1 com disputas de skate, escalada, dan\u00e7a, curling e polo aqu\u00e1tico como modalidades demonstrativas.<\/p>\n<p>Quinze das 17 modalidades v\u00e3o utilizar a estrutura do Parque Ol\u00edmpico, incluindo as arenas sob gest\u00e3o do Governo Federal: Arenas Cariocas 1 e 2, Vel\u00f3dromo e Centro Ol\u00edmpico da T\u00eanis. Tamb\u00e9m ser\u00e3o utilizadas, no Parque Ol\u00edmpico, a Arena Carioca 3, o Complexo Aqu\u00e1tico Maria Lenk e instala\u00e7\u00f5es tempor\u00e1rias nas \u00e1reas comuns do parque.<\/p>\n<p>As provas de atletismo ser\u00e3o no Cefan, institui\u00e7\u00e3o da Marinha do Brasil reformada para os Jogos Rio 2016, e o basquete ter\u00e1 como palco a Arena da Juventude, no Complexo Ol\u00edmpico de Deodoro, tamb\u00e9m reformado e utilizado nos Jogos Rio 2016, atualmente sob gest\u00e3o do Ex\u00e9rcito Brasileiro.<\/p>\n<p>Os Jogos Escolares Brasileiros s\u00e3o organizados pela Confedera\u00e7\u00e3o Brasileira de Desporto Escolar (CBDE), em parceria com a Secretaria Especial do Esporte do Minist\u00e9rio da Cidadania, e contam com o apoio da Federa\u00e7\u00e3o de Esportes Estudantis do Rio de Janeiro (FEERJ).<\/p>\n<p><span style=\"font-weight: 400;\">Fonte: Minist\u00e9rio da Cidadania<\/span><\/p>\n","protected":false},"excerpt":{"rendered":"<p>Os Jogos Escolares Brasileiros \u2013 JEB\u2019s 2021, que t\u00eam in\u00edcio no dia 29 de outubro no Rio de Janeiro e se encerram em 5 de novembro, poder\u00e3o ser disputados com a presen\u00e7a de p\u00fablico. A competi\u00e7\u00e3o, aberta a estudantes de 12 a 14 anos, e que retorna este ano ao calend\u00e1rio escolar ap\u00f3s 17 anos [&hellip;]<\/p>\n","protected":false},"author":246,"featured_media":190097,"comment_status":"closed","ping_status":"closed","sticky":false,"template":"","format":"standard","meta":{"footnotes":""},"categories":[436,257],"tags":[],"class_list":["post-190096","post","type-post","status-publish","format-standard","has-post-thumbnail","hentry","category-destaque-da-semana","category-esporte"],"_links":{"self":[{"href":"https:\/\/diarioregionaldigital.com.br\/index.php?rest_route=\/wp\/v2\/posts\/190096","targetHints":{"allow":["GET"]}}],"collection":[{"href":"https:\/\/diarioregionaldigital.com.br\/index.php?rest_route=\/wp\/v2\/posts"}],"about":[{"href":"https:\/\/diarioregionaldigital.com.br\/index.php?rest_route=\/wp\/v2\/types\/post"}],"author":[{"embeddable":true,"href":"https:\/\/diarioregionaldigital.com.br\/index.php?rest_route=\/wp\/v2\/users\/246"}],"replies":[{"embeddable":true,"href":"https:\/\/diarioregionaldigital.com.br\/index.php?rest_route=%2Fwp%2Fv2%2Fcomments&post=190096"}],"version-history":[{"count":1,"href":"https:\/\/diarioregionaldigital.com.br\/index.php?rest_route=\/wp\/v2\/posts\/190096\/revisions"}],"predecessor-version":[{"id":190098,"href":"https:\/\/diarioregionaldigital.com.br\/index.php?rest_route=\/wp\/v2\/posts\/190096\/revisions\/190098"}],"wp:featuredmedia":[{"embeddable":true,"href":"https:\/\/diarioregionaldigital.com.br\/index.php?rest_route=\/wp\/v2\/media\/190097"}],"wp:attachment":[{"href":"https:\/\/diarioregionaldigital.com.br\/index.php?rest_route=%2Fwp%2Fv2%2Fmedia&parent=190096"}],"wp:term":[{"taxonomy":"category","embeddable":true,"href":"https:\/\/diarioregionaldigital.com.br\/index.php?rest_route=%2Fwp%2Fv2%2Fcategories&post=190096"},{"taxonomy":"post_tag","embeddable":true,"href":"https:\/\/diarioregionaldigital.com.br\/index.php?rest_route=%2Fwp%2Fv2%2Ftags&post=190096"}],"curies":[{"name":"wp","href":"https:\/\/api.w.org\/{rel}","templated":true}]}}