{"id":190093,"date":"2021-10-22T15:15:53","date_gmt":"2021-10-22T18:15:53","guid":{"rendered":"https:\/\/diarioregionaldigital.com.br\/?p=190093"},"modified":"2021-10-22T15:15:53","modified_gmt":"2021-10-22T18:15:53","slug":"jair-ventura-e-apresentado-no-juventude","status":"publish","type":"post","link":"https:\/\/diarioregionaldigital.com.br\/?p=190093","title":{"rendered":"Jair Ventura \u00e9 apresentado no Juventude"},"content":{"rendered":"<p>Apenas cinco dos 20 clubes na elite do futebol nacional n\u00e3o trocaram de treinador na atual edi\u00e7\u00e3o do Campeonato Brasileiro. A competi\u00e7\u00e3o j\u00e1 avan\u00e7a para a 28\u00aa rodada e apenas Atl\u00e9tico-MG, Fortaleza, Bragantino, Palmeiras e Corinthians ainda n\u00e3o mudaram de comandante. A \u00faltima equipe a mudar de professor, como gostam de chamar os jogadores, foi o Juventude. O time de Caxias do Sul agora \u00e9 comandado por Jair Ventura. O carioca de 42 anos tem a miss\u00e3o de livrar os ga\u00fachos do rebaixamento. O Juventude abre o pelot\u00e3o do Z-4, na 17\u00ba posi\u00e7\u00e3o, com 28 pontos.<img decoding=\"async\" src=\"https:\/\/agenciabrasil.ebc.com.br\/ebc.png?id=1425146&amp;o=node\" \/><img decoding=\"async\" src=\"https:\/\/agenciabrasil.ebc.com.br\/ebc.gif?id=1425146&amp;o=node\" \/><\/p>\n<p>\u201cO grande questionamento entre os treinadores \u00e9 saber quanto tempo voc\u00ea necessita para o time ter a sua cara. Quero fazer o melhor para o Juventude\u201d, declarou Jair Ventura.<\/p>\n<p>Esta \u00e9 a primeira edi\u00e7\u00e3o do Brasileir\u00e3o sob a regra de que um clube n\u00e3o pode demitir mais do que um t\u00e9cnico durante a competi\u00e7\u00e3o. Contudo, a regra \u00e9 flex\u00edvel para os dois lados se houver um acordo para a sa\u00edda.<\/p>\n<p>Gr\u00eamio, Bahia e Atl\u00e9tico-GO, por exemplo, j\u00e1 trocaram duas vezes de treinador ao longo do campeonato.<\/p>\n<p><span style=\"font-weight: 400;\">Fonte: Ag\u00eancia Brasil <\/span><\/p>\n","protected":false},"excerpt":{"rendered":"<p>Apenas cinco dos 20 clubes na elite do futebol nacional n\u00e3o trocaram de treinador na atual edi\u00e7\u00e3o do Campeonato Brasileiro. A competi\u00e7\u00e3o j\u00e1 avan\u00e7a para a 28\u00aa rodada e apenas Atl\u00e9tico-MG, Fortaleza, Bragantino, Palmeiras e Corinthians ainda n\u00e3o mudaram de comandante. A \u00faltima equipe a mudar de professor, como gostam de chamar os jogadores, foi [&hellip;]<\/p>\n","protected":false},"author":246,"featured_media":190094,"comment_status":"closed","ping_status":"closed","sticky":false,"template":"","format":"standard","meta":{"footnotes":""},"categories":[436,257],"tags":[],"class_list":["post-190093","post","type-post","status-publish","format-standard","has-post-thumbnail","hentry","category-destaque-da-semana","category-esporte"],"_links":{"self":[{"href":"https:\/\/diarioregionaldigital.com.br\/index.php?rest_route=\/wp\/v2\/posts\/190093","targetHints":{"allow":["GET"]}}],"collection":[{"href":"https:\/\/diarioregionaldigital.com.br\/index.php?rest_route=\/wp\/v2\/posts"}],"about":[{"href":"https:\/\/diarioregionaldigital.com.br\/index.php?rest_route=\/wp\/v2\/types\/post"}],"author":[{"embeddable":true,"href":"https:\/\/diarioregionaldigital.com.br\/index.php?rest_route=\/wp\/v2\/users\/246"}],"replies":[{"embeddable":true,"href":"https:\/\/diarioregionaldigital.com.br\/index.php?rest_route=%2Fwp%2Fv2%2Fcomments&post=190093"}],"version-history":[{"count":1,"href":"https:\/\/diarioregionaldigital.com.br\/index.php?rest_route=\/wp\/v2\/posts\/190093\/revisions"}],"predecessor-version":[{"id":190095,"href":"https:\/\/diarioregionaldigital.com.br\/index.php?rest_route=\/wp\/v2\/posts\/190093\/revisions\/190095"}],"wp:featuredmedia":[{"embeddable":true,"href":"https:\/\/diarioregionaldigital.com.br\/index.php?rest_route=\/wp\/v2\/media\/190094"}],"wp:attachment":[{"href":"https:\/\/diarioregionaldigital.com.br\/index.php?rest_route=%2Fwp%2Fv2%2Fmedia&parent=190093"}],"wp:term":[{"taxonomy":"category","embeddable":true,"href":"https:\/\/diarioregionaldigital.com.br\/index.php?rest_route=%2Fwp%2Fv2%2Fcategories&post=190093"},{"taxonomy":"post_tag","embeddable":true,"href":"https:\/\/diarioregionaldigital.com.br\/index.php?rest_route=%2Fwp%2Fv2%2Ftags&post=190093"}],"curies":[{"name":"wp","href":"https:\/\/api.w.org\/{rel}","templated":true}]}}