{"id":190086,"date":"2021-10-22T15:05:08","date_gmt":"2021-10-22T18:05:08","guid":{"rendered":"https:\/\/diarioregionaldigital.com.br\/?p=190086"},"modified":"2021-10-22T15:05:08","modified_gmt":"2021-10-22T18:05:08","slug":"argentino-guillermo-barros-schelotto-e-o-novo-tecnico-do-paraguai-2","status":"publish","type":"post","link":"https:\/\/diarioregionaldigital.com.br\/?p=190086","title":{"rendered":"Argentino Guillermo Barros Schelotto \u00e9 o novo t\u00e9cnico do Paraguai"},"content":{"rendered":"<p>O argentino Guillermo Barros Schelotto foi designado como novo t\u00e9cnico da sele\u00e7\u00e3o paraguaia de futebol, com a dif\u00edcil tarefa de retir\u00e1-la em tempo recorde das \u00faltimas coloca\u00e7\u00f5es da tabela de classifica\u00e7\u00e3o das eliminat\u00f3rias para a Copa do Mundo de 2022 para mirar pelo menos na repescagem para o Mundial.<\/p>\n<p>&#8220;A Associa\u00e7\u00e3o Paraguaia de Futebol anuncia a contrata\u00e7\u00e3o da equipe t\u00e9cnica que ficar\u00e1 a cargo da Sele\u00e7\u00e3o Paraguaia. A mesma \u00e9 chefiada pelo professor Guillermo Barros Schelotto e secundada pelo professor Gustavo Barros Schelotto&#8221;, disse a federa\u00e7\u00e3o em nota. &#8220;Esses profissionais come\u00e7ar\u00e3o suas tarefas \u00e0 frente da Albirroja de maneira imediata, apontando para os pr\u00f3ximos compromissos pelas Eliminat\u00f3rias Sul-americanas para a Copa do Mundo de 2022 do Catar&#8221;, acrescentou a nota divulgada na quarta-feira.<\/p>\n<p>O contrato \u00e9 v\u00e1lido at\u00e9 o final da Copa Am\u00e9rica 2024.<\/p>\n<p>O t\u00e9cnico vai substituir o compatriota Eduardo Berizzo, que deixou o cargo na semana passada ap\u00f3s a derrota humilhante do Paraguai para a Bol\u00edvia por 4 a 0 em La Paz, na 12\u00ba rodada das eliminat\u00f3rias para a Copa do Mundo. A equipe \u00e9 a oitava na tabela com 12 pontos, \u00e0 frente apenas de Peru e Venezuela.<\/p>\n<p>O Paraguai n\u00e3o vai a uma Copa do Mundo desde 2010 e seus \u00faltimos resultados o afastam da possibilidade de estar no Catar. Gestores e jogadores acreditam, por\u00e9m, que podem brigar pela quinta coloca\u00e7\u00e3o para disputar uma repescagem contra uma sele\u00e7\u00e3o de outro continente.<\/p>\n<p>Nas pr\u00f3ximas partidas, em novembro, o Paraguai ter\u00e1 que enfrentar o Chile em casa e a Col\u00f4mbia como visitante.<\/p>\n<p>Fonte: Ag\u00eancia Brasil<\/p>\n","protected":false},"excerpt":{"rendered":"<p>O argentino Guillermo Barros Schelotto foi designado como novo t\u00e9cnico da sele\u00e7\u00e3o paraguaia de futebol, com a dif\u00edcil tarefa de retir\u00e1-la em tempo recorde das \u00faltimas coloca\u00e7\u00f5es da tabela de classifica\u00e7\u00e3o das eliminat\u00f3rias para a Copa do Mundo de 2022 para mirar pelo menos na repescagem para o Mundial. &#8220;A Associa\u00e7\u00e3o Paraguaia de Futebol anuncia [&hellip;]<\/p>\n","protected":false},"author":246,"featured_media":190087,"comment_status":"closed","ping_status":"closed","sticky":false,"template":"","format":"standard","meta":{"footnotes":""},"categories":[436,257],"tags":[],"class_list":["post-190086","post","type-post","status-publish","format-standard","has-post-thumbnail","hentry","category-destaque-da-semana","category-esporte"],"_links":{"self":[{"href":"https:\/\/diarioregionaldigital.com.br\/index.php?rest_route=\/wp\/v2\/posts\/190086","targetHints":{"allow":["GET"]}}],"collection":[{"href":"https:\/\/diarioregionaldigital.com.br\/index.php?rest_route=\/wp\/v2\/posts"}],"about":[{"href":"https:\/\/diarioregionaldigital.com.br\/index.php?rest_route=\/wp\/v2\/types\/post"}],"author":[{"embeddable":true,"href":"https:\/\/diarioregionaldigital.com.br\/index.php?rest_route=\/wp\/v2\/users\/246"}],"replies":[{"embeddable":true,"href":"https:\/\/diarioregionaldigital.com.br\/index.php?rest_route=%2Fwp%2Fv2%2Fcomments&post=190086"}],"version-history":[{"count":1,"href":"https:\/\/diarioregionaldigital.com.br\/index.php?rest_route=\/wp\/v2\/posts\/190086\/revisions"}],"predecessor-version":[{"id":190088,"href":"https:\/\/diarioregionaldigital.com.br\/index.php?rest_route=\/wp\/v2\/posts\/190086\/revisions\/190088"}],"wp:featuredmedia":[{"embeddable":true,"href":"https:\/\/diarioregionaldigital.com.br\/index.php?rest_route=\/wp\/v2\/media\/190087"}],"wp:attachment":[{"href":"https:\/\/diarioregionaldigital.com.br\/index.php?rest_route=%2Fwp%2Fv2%2Fmedia&parent=190086"}],"wp:term":[{"taxonomy":"category","embeddable":true,"href":"https:\/\/diarioregionaldigital.com.br\/index.php?rest_route=%2Fwp%2Fv2%2Fcategories&post=190086"},{"taxonomy":"post_tag","embeddable":true,"href":"https:\/\/diarioregionaldigital.com.br\/index.php?rest_route=%2Fwp%2Fv2%2Ftags&post=190086"}],"curies":[{"name":"wp","href":"https:\/\/api.w.org\/{rel}","templated":true}]}}