{"id":190083,"date":"2021-10-22T15:02:40","date_gmt":"2021-10-22T18:02:40","guid":{"rendered":"https:\/\/diarioregionaldigital.com.br\/?p=190083"},"modified":"2021-10-22T15:02:40","modified_gmt":"2021-10-22T18:02:40","slug":"com-selecao-feminina-completa-pia-comanda-1o-treino-na-australia","status":"publish","type":"post","link":"https:\/\/diarioregionaldigital.com.br\/?p=190083","title":{"rendered":"Com sele\u00e7\u00e3o feminina completa, Pia comanda 1\u00ba treino na Austr\u00e1lia"},"content":{"rendered":"<p>A treinadora sui\u00e7a Pia Sundhage comandou nesta quinta-feira (21) o primeiro treino presen\u00e7a completa das 23 jogadoras convocadas para os amistosos contra a Austr\u00e1lia, o primeiro deles j\u00e1 neste s\u00e1bado (23), \u00e0s 5h50 (hor\u00e1rio de Bras\u00edlia), no Est\u00e1dio Western Sydney, na capital.\u00a0Ao lado da Nova Zel\u00e2ndia, a Austr\u00e1lia sediar\u00e1 a Copa do Mundo Feminina de 2023.\u00a0<img decoding=\"async\" src=\"https:\/\/agenciabrasil.ebc.com.br\/ebc.png?id=1425245&amp;o=node\" \/><img decoding=\"async\" src=\"https:\/\/agenciabrasil.ebc.com.br\/ebc.gif?id=1425245&amp;o=node\" \/><\/p>\n<p>Na pen\u00faltima atividade do grupo\u00a0antes do duelo contra as anfitri\u00e3s, Pia priorizou atividades de finaliza\u00e7\u00e3o em velocidade e depois dividiu o grupo para um coletivo curto, de 11 contra 11. O \u00faltimo preparat\u00f3rio que definir\u00e1 a escala\u00e7\u00e3o do Brasil ocorrer\u00e1 nesta sexta (22).<\/p>\n<p>Os amistosos contra a Austr\u00e1lia s\u00e3o a segunda oportunidade de a sele\u00e7\u00e3o entrar em campo ap\u00f3s a Olimp\u00edada de T\u00f3quio. No m\u00eas passado a sele\u00e7\u00e3o feminina somou duas vit\u00f3rias contra a Argentina, ambas na Para\u00edba: 3 a 1 em Campina Grande (PB) e 4 a 1 na capital Jo\u00e3o Pessoa.<\/p>\n<p>A meia Ary Borges, que jogou os primeiros primeiros minutos com a amarelinha nos dois embates contra as hermanas, est\u00e1 empenhada em se garantir na equipe principal.<\/p>\n<p>&#8220;Primeiro \u00e9 uma disputa muito saud\u00e1vel. \u00c9 muito bacana quando voc\u00ea tem tantas jogadoras de um n\u00edvel t\u00e3o alto, isso querendo ou n\u00e3o, te motiva a cada dia querer ser melhor. \u00c9 muito bacana pra mim, pelo menos, estar aqui aprendendo com quem est\u00e1 h\u00e1 mais tempo. \u00d3bvio que a gente tamb\u00e9m vai cavando o nosso espa\u00e7o para poder ajudar no que a Pia precisar&#8221;, disse a jogadora, campe\u00e3 do Brasileiro Feminino A-2 2019 e vice-campe\u00e3 do Brasileir\u00e3o Feminino 2021.<\/p>\n<p>O segundo e \u00faltimo amistoso contra as australianas ser\u00e1 na ter\u00e7a (26), \u00e0s 6h05.<\/p>\n<p><span style=\"font-weight: 400;\">Fonte: Ag\u00eancia Brasil <\/span><\/p>\n","protected":false},"excerpt":{"rendered":"<p>A treinadora sui\u00e7a Pia Sundhage comandou nesta quinta-feira (21) o primeiro treino presen\u00e7a completa das 23 jogadoras convocadas para os amistosos contra a Austr\u00e1lia, o primeiro deles j\u00e1 neste s\u00e1bado (23), \u00e0s 5h50 (hor\u00e1rio de Bras\u00edlia), no Est\u00e1dio Western Sydney, na capital.\u00a0Ao lado da Nova Zel\u00e2ndia, a Austr\u00e1lia sediar\u00e1 a Copa do Mundo Feminina de [&hellip;]<\/p>\n","protected":false},"author":246,"featured_media":190084,"comment_status":"closed","ping_status":"closed","sticky":false,"template":"","format":"standard","meta":{"footnotes":""},"categories":[436,440,257],"tags":[],"class_list":["post-190083","post","type-post","status-publish","format-standard","has-post-thumbnail","hentry","category-destaque-da-semana","category-destaques-do-dia","category-esporte"],"_links":{"self":[{"href":"https:\/\/diarioregionaldigital.com.br\/index.php?rest_route=\/wp\/v2\/posts\/190083","targetHints":{"allow":["GET"]}}],"collection":[{"href":"https:\/\/diarioregionaldigital.com.br\/index.php?rest_route=\/wp\/v2\/posts"}],"about":[{"href":"https:\/\/diarioregionaldigital.com.br\/index.php?rest_route=\/wp\/v2\/types\/post"}],"author":[{"embeddable":true,"href":"https:\/\/diarioregionaldigital.com.br\/index.php?rest_route=\/wp\/v2\/users\/246"}],"replies":[{"embeddable":true,"href":"https:\/\/diarioregionaldigital.com.br\/index.php?rest_route=%2Fwp%2Fv2%2Fcomments&post=190083"}],"version-history":[{"count":1,"href":"https:\/\/diarioregionaldigital.com.br\/index.php?rest_route=\/wp\/v2\/posts\/190083\/revisions"}],"predecessor-version":[{"id":190085,"href":"https:\/\/diarioregionaldigital.com.br\/index.php?rest_route=\/wp\/v2\/posts\/190083\/revisions\/190085"}],"wp:featuredmedia":[{"embeddable":true,"href":"https:\/\/diarioregionaldigital.com.br\/index.php?rest_route=\/wp\/v2\/media\/190084"}],"wp:attachment":[{"href":"https:\/\/diarioregionaldigital.com.br\/index.php?rest_route=%2Fwp%2Fv2%2Fmedia&parent=190083"}],"wp:term":[{"taxonomy":"category","embeddable":true,"href":"https:\/\/diarioregionaldigital.com.br\/index.php?rest_route=%2Fwp%2Fv2%2Fcategories&post=190083"},{"taxonomy":"post_tag","embeddable":true,"href":"https:\/\/diarioregionaldigital.com.br\/index.php?rest_route=%2Fwp%2Fv2%2Ftags&post=190083"}],"curies":[{"name":"wp","href":"https:\/\/api.w.org\/{rel}","templated":true}]}}