{"id":190080,"date":"2021-10-22T14:57:57","date_gmt":"2021-10-22T17:57:57","guid":{"rendered":"https:\/\/diarioregionaldigital.com.br\/?p=190080"},"modified":"2021-10-22T14:57:57","modified_gmt":"2021-10-22T17:57:57","slug":"vice-presidente-inaugura-sede-de-organizacao-de-cooperacao-amazonica","status":"publish","type":"post","link":"https:\/\/diarioregionaldigital.com.br\/?p=190080","title":{"rendered":"Vice-presidente inaugura sede de organiza\u00e7\u00e3o de coopera\u00e7\u00e3o amaz\u00f4nica"},"content":{"rendered":"<p>O vice-presidente Hamilton Mour\u00e3o participou nesta\u00a0quinta-feira (21), em Bras\u00edlia, da inaugura\u00e7\u00e3o da sede da Organiza\u00e7\u00e3o do Tratado de Coopera\u00e7\u00e3o Amaz\u00f4nica (OTCA), um organismo intergovernamental formado por oito pa\u00edses amaz\u00f4nicos: Bol\u00edvia, Brasil, Col\u00f4mbia, Equador, Guiana, Peru, Suriname e Venezuela. Esses pa\u00edses s\u00e3o signat\u00e1rios\u00a0do Tratado de Coopera\u00e7\u00e3o Amaz\u00f4nica. A OTCA \u00e9 o \u00fanico bloco socioambiental da Am\u00e9rica Latina.\u00a0<img decoding=\"async\" src=\"https:\/\/agenciabrasil.ebc.com.br\/ebc.png?id=1425243&amp;o=node\" \/><img decoding=\"async\" src=\"https:\/\/agenciabrasil.ebc.com.br\/ebc.gif?id=1425243&amp;o=node\" \/><\/p>\n<p>Desde o in\u00edcio do ano passado, Mour\u00e3o preside o Conselho Nacional da Amaz\u00f4nia Legal e tem coordenado as a\u00e7\u00f5es do governo de enfrentamento ao desmatamento e de\u00a0combate \u00e0s queimadas no bioma, que \u00e9 a maior floresta tropical do planeta e alvo da aten\u00e7\u00e3o internacional.<\/p>\n<p>&#8220;Reafirmamos, em diferentes foros internacionais, nosso compromisso de fazer da OTCA a organiza\u00e7\u00e3o de refer\u00eancia em mat\u00e9rias de coopera\u00e7\u00e3o regional, de di\u00e1logo pol\u00edtico e de posicionamento comum sobre temas da agenda internacional relativos \u00e0 Amaz\u00f4nia&#8221;, afirmou.<\/p>\n<p>&#8220;\u00danica organiza\u00e7\u00e3o multilateral sediada em territ\u00f3rio brasileiro, a OTCA \u00e9 um patrim\u00f4nio da diplomacia regional e conta com vasta experi\u00eancia na condu\u00e7\u00e3o do di\u00e1logo pol\u00edtico e da coopera\u00e7\u00e3o regional em benef\u00edcio dos pa\u00edses amaz\u00f4nicos&#8221;, destacou o vice-presidente, durante a inaugura\u00e7\u00e3o da sede.<\/p>\n<p>No m\u00eas passado, Mour\u00e3o\u00a0<a href=\"https:\/\/agenciabrasil.ebc.com.br\/politica\/noticia\/2021-09\/vice-presidente-visita-amazonia-na-companhia-de-embaixadores\" target=\"_blank\" rel=\"noopener\">se reuniu com um grupo de diplomatas, parlamentares e jornalistas estrangeiros no Par\u00e1<\/a>. A comitiva realizou uma viagem pela Amaz\u00f4nia brasileira para conhecer a realidade regional e as a\u00e7\u00f5es p\u00fablicas para preserva\u00e7\u00e3o do bioma e desenvolvimento econ\u00f4mico da regi\u00e3o.<\/p>\n<p>Em seu discurso, o vice-presidente fez um balan\u00e7o \u00e0 frente do Conselho da Amaz\u00f4nia, destacando as a\u00e7\u00f5es das For\u00e7as Armadas na regi\u00e3o, e outras iniciativas de governo para conter atos il\u00edcitos.<\/p>\n<p>&#8220;O governo brasileiro recorreu de maneira excepcional \u00e0s For\u00e7as Armadas para apoiar o combate aos crimes ambientais. Aprimoramos os sistemas de monitoramento e apoio \u00e0 tomada de decis\u00e3o, al\u00e9m de intensificarmos os programas de regulariza\u00e7\u00e3o ambiental e fundi\u00e1ria. Autorizamos novas contrata\u00e7\u00f5es para ag\u00eancias de fiscaliza\u00e7\u00e3o ambiental e ampliamos o engajamento de outras for\u00e7as de seguran\u00e7a p\u00fablica, como a Pol\u00edcia Federal e a For\u00e7a Nacional, no combate aos il\u00edcitos ambientais.&#8221;<\/p>\n<p>&#8220;Gra\u00e7as a essas e outras medidas, conseguimos reverter a trajet\u00f3ria de aumento do desmatamento que recebemos no in\u00edcio do governo e estamos assegurando as condi\u00e7\u00f5es para uma redu\u00e7\u00e3o mais acelerada nos pr\u00f3ximos meses&#8221;, comentou.<\/p>\n<p><span style=\"font-weight: 400;\">Fonte: Ag\u00eancia Brasil <\/span><\/p>\n","protected":false},"excerpt":{"rendered":"<p>O vice-presidente Hamilton Mour\u00e3o participou nesta\u00a0quinta-feira (21), em Bras\u00edlia, da inaugura\u00e7\u00e3o da sede da Organiza\u00e7\u00e3o do Tratado de Coopera\u00e7\u00e3o Amaz\u00f4nica (OTCA), um organismo intergovernamental formado por oito pa\u00edses amaz\u00f4nicos: Bol\u00edvia, Brasil, Col\u00f4mbia, Equador, Guiana, Peru, Suriname e Venezuela. Esses pa\u00edses s\u00e3o signat\u00e1rios\u00a0do Tratado de Coopera\u00e7\u00e3o Amaz\u00f4nica. A OTCA \u00e9 o \u00fanico bloco socioambiental da Am\u00e9rica [&hellip;]<\/p>\n","protected":false},"author":246,"featured_media":190081,"comment_status":"closed","ping_status":"closed","sticky":false,"template":"","format":"standard","meta":{"footnotes":""},"categories":[436,254],"tags":[],"class_list":["post-190080","post","type-post","status-publish","format-standard","has-post-thumbnail","hentry","category-destaque-da-semana","category-politica"],"_links":{"self":[{"href":"https:\/\/diarioregionaldigital.com.br\/index.php?rest_route=\/wp\/v2\/posts\/190080","targetHints":{"allow":["GET"]}}],"collection":[{"href":"https:\/\/diarioregionaldigital.com.br\/index.php?rest_route=\/wp\/v2\/posts"}],"about":[{"href":"https:\/\/diarioregionaldigital.com.br\/index.php?rest_route=\/wp\/v2\/types\/post"}],"author":[{"embeddable":true,"href":"https:\/\/diarioregionaldigital.com.br\/index.php?rest_route=\/wp\/v2\/users\/246"}],"replies":[{"embeddable":true,"href":"https:\/\/diarioregionaldigital.com.br\/index.php?rest_route=%2Fwp%2Fv2%2Fcomments&post=190080"}],"version-history":[{"count":1,"href":"https:\/\/diarioregionaldigital.com.br\/index.php?rest_route=\/wp\/v2\/posts\/190080\/revisions"}],"predecessor-version":[{"id":190082,"href":"https:\/\/diarioregionaldigital.com.br\/index.php?rest_route=\/wp\/v2\/posts\/190080\/revisions\/190082"}],"wp:featuredmedia":[{"embeddable":true,"href":"https:\/\/diarioregionaldigital.com.br\/index.php?rest_route=\/wp\/v2\/media\/190081"}],"wp:attachment":[{"href":"https:\/\/diarioregionaldigital.com.br\/index.php?rest_route=%2Fwp%2Fv2%2Fmedia&parent=190080"}],"wp:term":[{"taxonomy":"category","embeddable":true,"href":"https:\/\/diarioregionaldigital.com.br\/index.php?rest_route=%2Fwp%2Fv2%2Fcategories&post=190080"},{"taxonomy":"post_tag","embeddable":true,"href":"https:\/\/diarioregionaldigital.com.br\/index.php?rest_route=%2Fwp%2Fv2%2Ftags&post=190080"}],"curies":[{"name":"wp","href":"https:\/\/api.w.org\/{rel}","templated":true}]}}