{"id":190071,"date":"2021-10-22T14:48:48","date_gmt":"2021-10-22T17:48:48","guid":{"rendered":"https:\/\/diarioregionaldigital.com.br\/?p=190071"},"modified":"2021-10-22T14:48:48","modified_gmt":"2021-10-22T17:48:48","slug":"senado-aprova-auxilio-a-santas-casas-e-hospitais-filantropicos","status":"publish","type":"post","link":"https:\/\/diarioregionaldigital.com.br\/?p=190071","title":{"rendered":"Senado aprova aux\u00edlio a santas casas e hospitais filantr\u00f3picos"},"content":{"rendered":"<p>O Senado aprovou nesta quinta-feira (21), por unanimidade, o projeto de lei que prev\u00ea aux\u00edlio emergencial de at\u00e9 R$ 2 bilh\u00f5es para santas casas e hospitais filantr\u00f3picos que participam de forma complementar do Sistema \u00danico de Sa\u00fade (SUS). A mat\u00e9ria segue para vota\u00e7\u00e3o na C\u00e2mara dos Deputados.<img decoding=\"async\" src=\"https:\/\/agenciabrasil.ebc.com.br\/ebc.png?id=1425265&amp;o=node\" \/><img decoding=\"async\" src=\"https:\/\/agenciabrasil.ebc.com.br\/ebc.gif?id=1425265&amp;o=node\" \/><\/p>\n<p>Segundo o relator, senador Veneziano Vital do R\u00eago (MDB-PB), a medida vai \u201cevitar o colapso financeiro iminente do segmento hospitalar filantr\u00f3pico brasileiro\u201d. Segundo ele, esses hospitais contribuem para a capilaridade e a efetividade do SUS, respondendo por mais de 50% do atendimento em quase dois mil hospitais distribu\u00eddos por todo o pa\u00eds.<\/p>\n<p>\u201c[O Projeto de lei \u00e9] urgente, em raz\u00e3o das dificuldades financeiras que as santas casas e os hospitais filantr\u00f3picos t\u00eam enfrentado no presente momento em face da longa dura\u00e7\u00e3o da pandemia da covid-19, que segue em curso, ainda que a campanha de vacina\u00e7\u00e3o nacional j\u00e1 produza resultados concretos\u201d, justificou o senador.<\/p>\n<p>O cr\u00e9dito dos recursos a serem transferidos para as entidades beneficiadas dever\u00e1 ocorrer em at\u00e9 15 dias, a partir da publica\u00e7\u00e3o da lei, em fun\u00e7\u00e3o do car\u00e1ter emergencial da ajuda financeira. Os recursos devem ser distribu\u00eddos de forma proporcional entre as unidades de sa\u00fade, conforme crit\u00e9rios j\u00e1 definidos.<\/p>\n<p>Pelo texto, santas casas e hospitais filantr\u00f3picos receber\u00e3o recursos mesmo que haja d\u00e9bitos ou inadimpl\u00eancia das entidades beneficiadas. A proposta determina tamb\u00e9m que o Minist\u00e9rio da Sa\u00fade deve coordenar a distribui\u00e7\u00e3o do dinheiro, e acrescentou a previs\u00e3o de que os recursos podem ser usados em pesquisa.<\/p>\n<p><span style=\"font-weight: 400;\">Fonte: Ag\u00eancia Brasil \/ Ag\u00eancia Senado<\/span><\/p>\n","protected":false},"excerpt":{"rendered":"<p>O Senado aprovou nesta quinta-feira (21), por unanimidade, o projeto de lei que prev\u00ea aux\u00edlio emergencial de at\u00e9 R$ 2 bilh\u00f5es para santas casas e hospitais filantr\u00f3picos que participam de forma complementar do Sistema \u00danico de Sa\u00fade (SUS). A mat\u00e9ria segue para vota\u00e7\u00e3o na C\u00e2mara dos Deputados. Segundo o relator, senador Veneziano Vital do R\u00eago [&hellip;]<\/p>\n","protected":false},"author":246,"featured_media":190072,"comment_status":"closed","ping_status":"closed","sticky":false,"template":"","format":"standard","meta":{"footnotes":""},"categories":[436,440,254],"tags":[],"class_list":["post-190071","post","type-post","status-publish","format-standard","has-post-thumbnail","hentry","category-destaque-da-semana","category-destaques-do-dia","category-politica"],"_links":{"self":[{"href":"https:\/\/diarioregionaldigital.com.br\/index.php?rest_route=\/wp\/v2\/posts\/190071","targetHints":{"allow":["GET"]}}],"collection":[{"href":"https:\/\/diarioregionaldigital.com.br\/index.php?rest_route=\/wp\/v2\/posts"}],"about":[{"href":"https:\/\/diarioregionaldigital.com.br\/index.php?rest_route=\/wp\/v2\/types\/post"}],"author":[{"embeddable":true,"href":"https:\/\/diarioregionaldigital.com.br\/index.php?rest_route=\/wp\/v2\/users\/246"}],"replies":[{"embeddable":true,"href":"https:\/\/diarioregionaldigital.com.br\/index.php?rest_route=%2Fwp%2Fv2%2Fcomments&post=190071"}],"version-history":[{"count":1,"href":"https:\/\/diarioregionaldigital.com.br\/index.php?rest_route=\/wp\/v2\/posts\/190071\/revisions"}],"predecessor-version":[{"id":190073,"href":"https:\/\/diarioregionaldigital.com.br\/index.php?rest_route=\/wp\/v2\/posts\/190071\/revisions\/190073"}],"wp:featuredmedia":[{"embeddable":true,"href":"https:\/\/diarioregionaldigital.com.br\/index.php?rest_route=\/wp\/v2\/media\/190072"}],"wp:attachment":[{"href":"https:\/\/diarioregionaldigital.com.br\/index.php?rest_route=%2Fwp%2Fv2%2Fmedia&parent=190071"}],"wp:term":[{"taxonomy":"category","embeddable":true,"href":"https:\/\/diarioregionaldigital.com.br\/index.php?rest_route=%2Fwp%2Fv2%2Fcategories&post=190071"},{"taxonomy":"post_tag","embeddable":true,"href":"https:\/\/diarioregionaldigital.com.br\/index.php?rest_route=%2Fwp%2Fv2%2Ftags&post=190071"}],"curies":[{"name":"wp","href":"https:\/\/api.w.org\/{rel}","templated":true}]}}