{"id":190068,"date":"2021-10-22T14:43:11","date_gmt":"2021-10-22T17:43:11","guid":{"rendered":"https:\/\/diarioregionaldigital.com.br\/?p=190068"},"modified":"2021-10-22T14:43:11","modified_gmt":"2021-10-22T17:43:11","slug":"reajustes-salariais-em-setembro-ficam-abaixo-do-inpc","status":"publish","type":"post","link":"https:\/\/diarioregionaldigital.com.br\/?p=190068","title":{"rendered":"Reajustes salariais em setembro ficam abaixo do INPC"},"content":{"rendered":"<p>O reajuste m\u00e9dio dos sal\u00e1rios obtidos nas negocia\u00e7\u00f5es em setembro ficou 1,9 ponto percentual abaixo do \u00cdndice Nacional de Pre\u00e7os ao Consumidor (INPC) acumulado dos \u00faltimos 12 meses: 10,4%.\u00a0<img decoding=\"async\" src=\"https:\/\/agenciabrasil.ebc.com.br\/ebc.png?id=1425285&amp;o=node\" \/><img decoding=\"async\" src=\"https:\/\/agenciabrasil.ebc.com.br\/ebc.gif?id=1425285&amp;o=node\" \/><\/p>\n<p>Essa foi a maior perda dos \u00faltimos 12 meses, de acordo com dados do boletim mensal da Funda\u00e7\u00e3o Instituto de Pesquisas Econ\u00f4micas (Fipe), Salari\u00f4metro-Mercado de Trabalho e Negocia\u00e7\u00f5es Coletivas.<\/p>\n<p>Segundo o boletim, divulgado hoje (22) em S\u00e3o Paulo, somente 9,5% das negocia\u00e7\u00f5es resultaram em ganhos reais, acima do INPC. J\u00e1 a propor\u00e7\u00e3o de reajustes abaixo do INPC foi de 67%, enquanto as que conseguiram aumentos iguais ao \u00edndice somam 23,5%.<\/p>\n<p>O setor de com\u00e9rcio atacadista e varejista realizou 26 negocia\u00e7\u00f5es e n\u00e3o obteve sucesso em nenhuma delas. Ind\u00fastrias de alimentos tiveram 13 negocia\u00e7\u00f5es com reajuste mediano real de -0,9%. Entre as organiza\u00e7\u00f5es n\u00e3o governamentais tamb\u00e9m houve 13 negocia\u00e7\u00f5es sem avan\u00e7os nos sal\u00e1rios.<\/p>\n<p>Gr\u00e1ficas e editoras conseguiram reajuste mediano real de 0,1% em duas negocia\u00e7\u00f5es. O percentual foi o mesmo para o setor de artefatos de borracha que participou de cinco rodadas de entendimentos.<\/p>\n<p>Os estados onde o \u00eaxito foi maior s\u00e3o dois: Amap\u00e1 (1,7% de sucesso na \u00fanica negocia\u00e7\u00e3o ocorrida) e Minas Gerais (1,1% entre tr\u00eas negocia\u00e7\u00f5es).<\/p>\n<p><span style=\"font-weight: 400;\">Fonte: Ag\u00eancia Brasil <\/span><\/p>\n","protected":false},"excerpt":{"rendered":"<p>O reajuste m\u00e9dio dos sal\u00e1rios obtidos nas negocia\u00e7\u00f5es em setembro ficou 1,9 ponto percentual abaixo do \u00cdndice Nacional de Pre\u00e7os ao Consumidor (INPC) acumulado dos \u00faltimos 12 meses: 10,4%.\u00a0 Essa foi a maior perda dos \u00faltimos 12 meses, de acordo com dados do boletim mensal da Funda\u00e7\u00e3o Instituto de Pesquisas Econ\u00f4micas (Fipe), Salari\u00f4metro-Mercado de Trabalho [&hellip;]<\/p>\n","protected":false},"author":246,"featured_media":190069,"comment_status":"closed","ping_status":"closed","sticky":false,"template":"","format":"standard","meta":{"footnotes":""},"categories":[436,261],"tags":[],"class_list":["post-190068","post","type-post","status-publish","format-standard","has-post-thumbnail","hentry","category-destaque-da-semana","category-economia"],"_links":{"self":[{"href":"https:\/\/diarioregionaldigital.com.br\/index.php?rest_route=\/wp\/v2\/posts\/190068","targetHints":{"allow":["GET"]}}],"collection":[{"href":"https:\/\/diarioregionaldigital.com.br\/index.php?rest_route=\/wp\/v2\/posts"}],"about":[{"href":"https:\/\/diarioregionaldigital.com.br\/index.php?rest_route=\/wp\/v2\/types\/post"}],"author":[{"embeddable":true,"href":"https:\/\/diarioregionaldigital.com.br\/index.php?rest_route=\/wp\/v2\/users\/246"}],"replies":[{"embeddable":true,"href":"https:\/\/diarioregionaldigital.com.br\/index.php?rest_route=%2Fwp%2Fv2%2Fcomments&post=190068"}],"version-history":[{"count":1,"href":"https:\/\/diarioregionaldigital.com.br\/index.php?rest_route=\/wp\/v2\/posts\/190068\/revisions"}],"predecessor-version":[{"id":190070,"href":"https:\/\/diarioregionaldigital.com.br\/index.php?rest_route=\/wp\/v2\/posts\/190068\/revisions\/190070"}],"wp:featuredmedia":[{"embeddable":true,"href":"https:\/\/diarioregionaldigital.com.br\/index.php?rest_route=\/wp\/v2\/media\/190069"}],"wp:attachment":[{"href":"https:\/\/diarioregionaldigital.com.br\/index.php?rest_route=%2Fwp%2Fv2%2Fmedia&parent=190068"}],"wp:term":[{"taxonomy":"category","embeddable":true,"href":"https:\/\/diarioregionaldigital.com.br\/index.php?rest_route=%2Fwp%2Fv2%2Fcategories&post=190068"},{"taxonomy":"post_tag","embeddable":true,"href":"https:\/\/diarioregionaldigital.com.br\/index.php?rest_route=%2Fwp%2Fv2%2Ftags&post=190068"}],"curies":[{"name":"wp","href":"https:\/\/api.w.org\/{rel}","templated":true}]}}