{"id":190052,"date":"2021-10-22T06:00:01","date_gmt":"2021-10-22T09:00:01","guid":{"rendered":"https:\/\/diarioregionaldigital.com.br\/?p=190052"},"modified":"2021-10-21T21:33:44","modified_gmt":"2021-10-22T00:33:44","slug":"altruismo","status":"publish","type":"post","link":"https:\/\/diarioregionaldigital.com.br\/?p=190052","title":{"rendered":"Altru\u00edsmo"},"content":{"rendered":"<p>Uma palavra que deve caracterizar o cidad\u00e3o de bem e o Crist\u00e3o aut\u00eantico \u00e9 &#8216;altru\u00edsmo&#8217;.<\/p>\n<p>Segundo o fil\u00f3sofo das ci\u00eancias Augusto Comte, o altru\u00edsmo constitui a disposi\u00e7\u00e3o humana, de natureza instintiva, que compele a nossa esp\u00e9cie a importar-se com o que ocorre com os outros indiv\u00edduos e que disputa no \u00edntimo com outra propens\u00e3o, antag\u00f4nica, que \u00e9 o ego\u00edsmo.<\/p>\n<p>A B\u00edblia nos orienta a sermos altru\u00edstas em todas as ocasi\u00f5es, o que significa que Deus quer que sejamos capazes de nos preocupar tanto com os outros como nos importamos com n\u00f3s mesmos.<\/p>\n<p>Em nossa civiliza\u00e7\u00e3o dominada pelas g\u00e9lidas rela\u00e7\u00f5es de mercado, na qual tudo se torna mercadoria (inclusive as rela\u00e7\u00f5es e sentimentos) e que somos instru\u00eddos a buscar o sucesso custe o que custar, um mundo que tem como express\u00e3o de enaltecimento e admira\u00e7\u00e3o n\u00e3o o car\u00e1ter mas aquilo que se possui materialmente, nestas condi\u00e7\u00f5es em que o ego\u00edsmo vem triunfando nas batalhas das disposi\u00e7\u00f5es \u00edntimas da maioria das pessoas, n\u00e3o \u00e9 nada f\u00e1cil praticar o altru\u00edsmo, muitas vezes confundido com fraqueza ou at\u00e9 mesmo tolice.<\/p>\n<p>\u00c9 fato que todos est\u00e3o propensos ao ego\u00edsmo, mesmo as pessoas que se beneficiam do altru\u00edsmo das outras encontram-se impregnadas pelos mesmos sentimentos viciosos e, ao inv\u00e9s de serem gratas, n\u00e3o poucas vezes, aproveitam-se para abusar da boa vontade alheia. Isso \u00e9, sem d\u00favida, um agravante.<\/p>\n<p>Por\u00e9m, substancialmente, nada disso importa, ou, pelo menos, n\u00e3o deveria importar. Pois a \u00edndole de determinadas pessoas n\u00e3o define a conduta das demais, o que os outros fazem ou como os outros pensam n\u00e3o condiciona o nosso pr\u00f3prio comportamento. Se a humanidade inteira errar, isso n\u00e3o significa que eu devo acompanh\u00e1-la no erro. Pelo contr\u00e1rio, devemos cultivar a consci\u00eancia de que a responsabilidade da pessoa de bem aumenta na mesma propor\u00e7\u00e3o do volume de pessoas que n\u00e3o praticam o que \u00e9 correto, justo e \u00edntegro.<\/p>\n<p>Na verdade, quando escolhemos nosso modo de agir, n\u00e3o devemos olhar ao redor buscando modelar-nos de acordo com aquilo que os outros est\u00e3o fazendo, diferentemente, nossos olhos devem fixar-se no exemplo sublime que nos foi legado pelo Filho de Deus.<\/p>\n<p>Da mesma maneira, o que fazemos para os outros n\u00e3o est\u00e1 condicionado ao que os outros fazem conosco, este \u00e9 o sentido da frase de Cristo: \u201cAo que te ferir numa face, oferece-lhe tamb\u00e9m a outra; e ao que te houver tirado a capa, nem a t\u00fanica recuses; E d\u00e1 a qualquer que te pedir; e ao que tomar o que \u00e9 teu, n\u00e3o lho tornes a pedir. E como v\u00f3s quereis que os homens vos fa\u00e7am, da mesma maneira lhes fazei v\u00f3s, tamb\u00e9m\u201d (Lucas 6. 29,31 &#8211; vers\u00e3o ACF).<\/p>\n<p>Se tomarmos a consci\u00eancia de que o altru\u00edsmo n\u00e3o \u00e9 uma rela\u00e7\u00e3o que se encerra entre o \u2018eu\u2019 e o \u2018outro\u2019, mas que envolve uma terceira pessoa que \u00e9 Jesus Cristo, a revela\u00e7\u00e3o de Deus, inevitavelmente triunfaremos sobre o ego\u00edsmo nas batalhas \u00edntimas e nossa conduta reverber\u00e1 a li\u00e7\u00e3o do Salvador: \u201cAssim tamb\u00e9m a luz de voc\u00eas deve brilhar para que os outros vejam as coisas boas que voc\u00eas fazem e louvem o Pai de voc\u00eas, que est\u00e1 no c\u00e9u\u201d (Mateus 6. 16 &#8211; vers\u00e3o NTLH).<\/p>\n","protected":false},"excerpt":{"rendered":"<p>Uma palavra que deve caracterizar o cidad\u00e3o de bem e o Crist\u00e3o aut\u00eantico \u00e9 &#8216;altru\u00edsmo&#8217;. Segundo o fil\u00f3sofo das ci\u00eancias Augusto Comte, o altru\u00edsmo constitui a disposi\u00e7\u00e3o humana, de natureza instintiva, que compele a nossa esp\u00e9cie a importar-se com o que ocorre com os outros indiv\u00edduos e que disputa no \u00edntimo com outra propens\u00e3o, antag\u00f4nica, [&hellip;]<\/p>\n","protected":false},"author":96,"featured_media":0,"comment_status":"closed","ping_status":"closed","sticky":false,"template":"","format":"standard","meta":{"footnotes":""},"categories":[1244],"tags":[],"class_list":["post-190052","post","type-post","status-publish","format-standard","hentry","category-oleg-abramov"],"_links":{"self":[{"href":"https:\/\/diarioregionaldigital.com.br\/index.php?rest_route=\/wp\/v2\/posts\/190052","targetHints":{"allow":["GET"]}}],"collection":[{"href":"https:\/\/diarioregionaldigital.com.br\/index.php?rest_route=\/wp\/v2\/posts"}],"about":[{"href":"https:\/\/diarioregionaldigital.com.br\/index.php?rest_route=\/wp\/v2\/types\/post"}],"author":[{"embeddable":true,"href":"https:\/\/diarioregionaldigital.com.br\/index.php?rest_route=\/wp\/v2\/users\/96"}],"replies":[{"embeddable":true,"href":"https:\/\/diarioregionaldigital.com.br\/index.php?rest_route=%2Fwp%2Fv2%2Fcomments&post=190052"}],"version-history":[{"count":1,"href":"https:\/\/diarioregionaldigital.com.br\/index.php?rest_route=\/wp\/v2\/posts\/190052\/revisions"}],"predecessor-version":[{"id":190053,"href":"https:\/\/diarioregionaldigital.com.br\/index.php?rest_route=\/wp\/v2\/posts\/190052\/revisions\/190053"}],"wp:attachment":[{"href":"https:\/\/diarioregionaldigital.com.br\/index.php?rest_route=%2Fwp%2Fv2%2Fmedia&parent=190052"}],"wp:term":[{"taxonomy":"category","embeddable":true,"href":"https:\/\/diarioregionaldigital.com.br\/index.php?rest_route=%2Fwp%2Fv2%2Fcategories&post=190052"},{"taxonomy":"post_tag","embeddable":true,"href":"https:\/\/diarioregionaldigital.com.br\/index.php?rest_route=%2Fwp%2Fv2%2Ftags&post=190052"}],"curies":[{"name":"wp","href":"https:\/\/api.w.org\/{rel}","templated":true}]}}