{"id":190036,"date":"2021-10-21T17:40:33","date_gmt":"2021-10-21T20:40:33","guid":{"rendered":"https:\/\/diarioregionaldigital.com.br\/?p=190036"},"modified":"2021-10-21T17:40:33","modified_gmt":"2021-10-21T20:40:33","slug":"grupo-de-idosos-retoma-atividades-presenciais-no-cras-costa-carvalho","status":"publish","type":"post","link":"https:\/\/diarioregionaldigital.com.br\/?p=190036","title":{"rendered":"Grupo de idosos retoma atividades presenciais no Cras Costa Carvalho"},"content":{"rendered":"<p>Segundo informa\u00e7\u00f5es do site da Prefeitura de Juiz de Fora, o grupo de pessoas idosas \u201cFelizidade\u201d do Cras Sudeste Costa Carvalho retomou as suas atividades presenciais, na manh\u00e3 desta quinta-feira, 21, seguindo todos os protocolos de preven\u00e7\u00e3o \u00e0 Covid-19. A iniciativa contou com a promo\u00e7\u00e3o de din\u00e2micas de conversas, integra\u00e7\u00e3o e atualiza\u00e7\u00e3o do Cadastro \u00danico dos usu\u00e1rios.<\/p>\n<p>Essa atualiza\u00e7\u00e3o \u00e9 fundamental para que as pessoas em vulnerabilidade social tenham acesso ao Benef\u00edcio de Presta\u00e7\u00e3o Continuada (BPC), que \u00e9 um programa de transfer\u00eancia direta de renda regulamentado pela Lei Org\u00e2nica de Assist\u00eancia Social (Loas). O valor do benef\u00edcio \u00e9 de um sal\u00e1rio m\u00ednimo para a pessoa idosa e pessoas com defici\u00eancia, que n\u00e3o possam se manter e n\u00e3o conseguem ser mantidos pelas suas fam\u00edlias.<\/p>\n<p>Segundo a supervisora Alessandra Azalim, o cadastramento \u201c\u00e9 a forma que o governo federal tem de enxergar esses idosos, atrav\u00e9s dos levantamentos que s\u00e3o feitos sobre as condi\u00e7\u00f5es de vida e \u00e9 a forma como o pr\u00f3prio Cras pode ter um contato t\u00e9cnico de atualiza\u00e7\u00e3o de dados\u201d. O Cad\u00danico, tamb\u00e9m, \u00e9 a porta de entrada para v\u00e1rios programas sociais como Bolsa Fam\u00edlia, Programa Tarifa Social de Energia El\u00e9trica, Isen\u00e7\u00e3o de Taxas em Concursos P\u00fablicos, ID Jovem, Carteira do Idoso, dentre outros.<\/p>\n<p>Nesse encontro frente a frente, os idosos do \u201cFelizidade\u201d aproveitaram o espa\u00e7o de acolhimento do equipamento socioassistencial para conversar sobre as suas experi\u00eancias durante os momentos de isolamento. O grupo, tamb\u00e9m, avaliou as atividades realizadas remotamente com a participa\u00e7\u00e3o da equipe do Cras, que, a partir das falas, buscou identificar poss\u00edveis demandas de atendimento e encaminhamentos a outros servi\u00e7os assistenciais.<\/p>\n<p>O Centro de Refer\u00eancia de Assist\u00eancia Social Sudeste Costa Carvalho est\u00e1 localizado na Av. Sete de Setembro, 7, no bairro Costa Carvalho.<\/p>\n","protected":false},"excerpt":{"rendered":"<p>Segundo informa\u00e7\u00f5es do site da Prefeitura de Juiz de Fora, o grupo de pessoas idosas \u201cFelizidade\u201d do Cras Sudeste Costa Carvalho retomou as suas atividades presenciais, na manh\u00e3 desta quinta-feira, 21, seguindo todos os protocolos de preven\u00e7\u00e3o \u00e0 Covid-19. A iniciativa contou com a promo\u00e7\u00e3o de din\u00e2micas de conversas, integra\u00e7\u00e3o e atualiza\u00e7\u00e3o do Cadastro \u00danico [&hellip;]<\/p>\n","protected":false},"author":246,"featured_media":190037,"comment_status":"closed","ping_status":"closed","sticky":false,"template":"","format":"standard","meta":{"footnotes":""},"categories":[253,436],"tags":[],"class_list":["post-190036","post","type-post","status-publish","format-standard","has-post-thumbnail","hentry","category-cidade","category-destaque-da-semana"],"_links":{"self":[{"href":"https:\/\/diarioregionaldigital.com.br\/index.php?rest_route=\/wp\/v2\/posts\/190036","targetHints":{"allow":["GET"]}}],"collection":[{"href":"https:\/\/diarioregionaldigital.com.br\/index.php?rest_route=\/wp\/v2\/posts"}],"about":[{"href":"https:\/\/diarioregionaldigital.com.br\/index.php?rest_route=\/wp\/v2\/types\/post"}],"author":[{"embeddable":true,"href":"https:\/\/diarioregionaldigital.com.br\/index.php?rest_route=\/wp\/v2\/users\/246"}],"replies":[{"embeddable":true,"href":"https:\/\/diarioregionaldigital.com.br\/index.php?rest_route=%2Fwp%2Fv2%2Fcomments&post=190036"}],"version-history":[{"count":1,"href":"https:\/\/diarioregionaldigital.com.br\/index.php?rest_route=\/wp\/v2\/posts\/190036\/revisions"}],"predecessor-version":[{"id":190038,"href":"https:\/\/diarioregionaldigital.com.br\/index.php?rest_route=\/wp\/v2\/posts\/190036\/revisions\/190038"}],"wp:featuredmedia":[{"embeddable":true,"href":"https:\/\/diarioregionaldigital.com.br\/index.php?rest_route=\/wp\/v2\/media\/190037"}],"wp:attachment":[{"href":"https:\/\/diarioregionaldigital.com.br\/index.php?rest_route=%2Fwp%2Fv2%2Fmedia&parent=190036"}],"wp:term":[{"taxonomy":"category","embeddable":true,"href":"https:\/\/diarioregionaldigital.com.br\/index.php?rest_route=%2Fwp%2Fv2%2Fcategories&post=190036"},{"taxonomy":"post_tag","embeddable":true,"href":"https:\/\/diarioregionaldigital.com.br\/index.php?rest_route=%2Fwp%2Fv2%2Ftags&post=190036"}],"curies":[{"name":"wp","href":"https:\/\/api.w.org\/{rel}","templated":true}]}}