{"id":190033,"date":"2021-10-21T17:36:20","date_gmt":"2021-10-21T20:36:20","guid":{"rendered":"https:\/\/diarioregionaldigital.com.br\/?p=190033"},"modified":"2021-10-21T17:36:20","modified_gmt":"2021-10-21T20:36:20","slug":"acoes-da-se-possibilitam-acesso-regular-a-alimentacao-nas-escolas-e-creches","status":"publish","type":"post","link":"https:\/\/diarioregionaldigital.com.br\/?p=190033","title":{"rendered":"A\u00e7\u00f5es da SE possibilitam acesso regular \u00e0 alimenta\u00e7\u00e3o nas escolas e creches"},"content":{"rendered":"<p>A garantia do direito \u00e0 alimenta\u00e7\u00e3o dos alunos da rede p\u00fablica municipal e das institui\u00e7\u00f5es parceiras do munic\u00edpio (creches) \u00e9 um tema presente no cotidiano da Secretaria de Educa\u00e7\u00e3o (SE) da Prefeitura de Juiz de Fora (PJF) que, desde o in\u00edcio da atual gest\u00e3o, desenvolve diversas a\u00e7\u00f5es na perspectiva de que bons h\u00e1bitos alimentares refletem em um melhor rendimento escolar, crescimento e desenvolvimento f\u00edsicos.<\/p>\n<p>Segundo informa\u00e7\u00f5es do site da Prefeitura de Juiz de Fora, neste dia, 21 de outubro, em que se comemora o Dia Nacional da Alimenta\u00e7\u00e3o nas Escolas, o supervisor de Nutri\u00e7\u00e3o e Alimenta\u00e7\u00e3o Escolar da SE, Thiago Balbi Seixas, ressalta a relev\u00e2ncia do tema. \u201cA alimenta\u00e7\u00e3o na escola tem um vi\u00e9s pol\u00edtico importante na garantia do direito \u00e0 seguran\u00e7a alimentar e nutricional, especialmente no per\u00edodo de pandemia\u201d.<\/p>\n<p>Em Juiz de Fora, durante o sistema h\u00edbrido de aulas, alunos matriculados na rede municipal de ensino e crian\u00e7as atendidas nas institui\u00e7\u00f5es parceiras do munic\u00edpio (creches) seguem recebendo \u201cKits Alimenta\u00e7\u00e3o\u201d, al\u00e9m de poderem contar com a alimenta\u00e7\u00e3o oferecida nas escolas e nas creches aos educandos cujas fam\u00edlias optam pelo retorno presencial.<\/p>\n<p>A entrega dos \u201cKits Alimenta\u00e7\u00e3o\u201d em 2021 foi resultado da parceria entre a SE e a Secretaria de Agricultura, Pecu\u00e1ria e Abastecimento (Seapa), com recursos oriundos do Programa Nacional de Alimenta\u00e7\u00e3o Escolar (PNAE). A iniciativa faz parte da \u201cMesa de Cidadania\u201d, espa\u00e7o de articula\u00e7\u00e3o e integra\u00e7\u00e3o das a\u00e7\u00f5es de combate \u00e0 fome, lan\u00e7ado pela prefeita Margarida Salom\u00e3o em janeiro deste ano.<\/p>\n<p>No acompanhamento das escolas municipais e das creches parceiras, a SE segue as novas recomenda\u00e7\u00f5es nutricionais para a alimenta\u00e7\u00e3o escolar do Fundo Nacional de Desenvolvimento da Educa\u00e7\u00e3o (FNDE), que incluem a redu\u00e7\u00e3o do consumo de a\u00e7\u00facar e alimentos doces (proibidos para crian\u00e7as menores de 3 anos), a prioriza\u00e7\u00e3o do consumo de alimentos naturais e minimamente processados, al\u00e9m da restri\u00e7\u00e3o ao consumo de alimentos processados e ultraprocessados.<\/p>\n<p>Assim, crian\u00e7as, adolescentes, jovens e adultos das creches parceiras e das escolas da rede municipal de Juiz de Fora t\u00eam bons motivos para celebrar esta data, que se relaciona tamb\u00e9m com a comemora\u00e7\u00e3o, em algumas regi\u00f5es do pa\u00eds, do Dia da Merendeira Escolar, no pr\u00f3ximo dia 30. As a\u00e7\u00f5es da SE reconhecem a contribui\u00e7\u00e3o dos profissionais envolvidos neste processo de promo\u00e7\u00e3o de uma alimenta\u00e7\u00e3o saud\u00e1vel.<\/p>\n","protected":false},"excerpt":{"rendered":"<p>A garantia do direito \u00e0 alimenta\u00e7\u00e3o dos alunos da rede p\u00fablica municipal e das institui\u00e7\u00f5es parceiras do munic\u00edpio (creches) \u00e9 um tema presente no cotidiano da Secretaria de Educa\u00e7\u00e3o (SE) da Prefeitura de Juiz de Fora (PJF) que, desde o in\u00edcio da atual gest\u00e3o, desenvolve diversas a\u00e7\u00f5es na perspectiva de que bons h\u00e1bitos alimentares refletem [&hellip;]<\/p>\n","protected":false},"author":246,"featured_media":190034,"comment_status":"closed","ping_status":"closed","sticky":false,"template":"","format":"standard","meta":{"footnotes":""},"categories":[253,436],"tags":[],"class_list":["post-190033","post","type-post","status-publish","format-standard","has-post-thumbnail","hentry","category-cidade","category-destaque-da-semana"],"_links":{"self":[{"href":"https:\/\/diarioregionaldigital.com.br\/index.php?rest_route=\/wp\/v2\/posts\/190033","targetHints":{"allow":["GET"]}}],"collection":[{"href":"https:\/\/diarioregionaldigital.com.br\/index.php?rest_route=\/wp\/v2\/posts"}],"about":[{"href":"https:\/\/diarioregionaldigital.com.br\/index.php?rest_route=\/wp\/v2\/types\/post"}],"author":[{"embeddable":true,"href":"https:\/\/diarioregionaldigital.com.br\/index.php?rest_route=\/wp\/v2\/users\/246"}],"replies":[{"embeddable":true,"href":"https:\/\/diarioregionaldigital.com.br\/index.php?rest_route=%2Fwp%2Fv2%2Fcomments&post=190033"}],"version-history":[{"count":1,"href":"https:\/\/diarioregionaldigital.com.br\/index.php?rest_route=\/wp\/v2\/posts\/190033\/revisions"}],"predecessor-version":[{"id":190035,"href":"https:\/\/diarioregionaldigital.com.br\/index.php?rest_route=\/wp\/v2\/posts\/190033\/revisions\/190035"}],"wp:featuredmedia":[{"embeddable":true,"href":"https:\/\/diarioregionaldigital.com.br\/index.php?rest_route=\/wp\/v2\/media\/190034"}],"wp:attachment":[{"href":"https:\/\/diarioregionaldigital.com.br\/index.php?rest_route=%2Fwp%2Fv2%2Fmedia&parent=190033"}],"wp:term":[{"taxonomy":"category","embeddable":true,"href":"https:\/\/diarioregionaldigital.com.br\/index.php?rest_route=%2Fwp%2Fv2%2Fcategories&post=190033"},{"taxonomy":"post_tag","embeddable":true,"href":"https:\/\/diarioregionaldigital.com.br\/index.php?rest_route=%2Fwp%2Fv2%2Ftags&post=190033"}],"curies":[{"name":"wp","href":"https:\/\/api.w.org\/{rel}","templated":true}]}}