{"id":190030,"date":"2021-10-21T17:31:06","date_gmt":"2021-10-21T20:31:06","guid":{"rendered":"https:\/\/diarioregionaldigital.com.br\/?p=190030"},"modified":"2021-10-21T17:31:06","modified_gmt":"2021-10-21T20:31:06","slug":"campanha-de-vacinacao-antirrabica-animal-acontece-neste-sabado-23","status":"publish","type":"post","link":"https:\/\/diarioregionaldigital.com.br\/?p=190030","title":{"rendered":"Campanha de vacina\u00e7\u00e3o antirr\u00e1bica animal acontece neste s\u00e1bado, 23"},"content":{"rendered":"<div id=\"box_texto_noticia\">O setor de Zoonoses da Secretaria de Sa\u00fade (SS) da Prefeitura de Juiz de Fora (PJF) vacina neste s\u00e1bado, dia 23, c\u00e3es e gatos contra o v\u00edrus da raiva no per\u00edmetro urbano da cidade. A vacina\u00e7\u00e3o \u00e9 indicada para caninos e felinos a partir de 3 meses de idade, e ocorre das 8h \u00e0s 17h em todos os locais de vacina\u00e7\u00e3o.<\/p>\n<p>Segundo informa\u00e7\u00f5es do site da Prefeitura de Juiz de Fora, para o processo de imuniza\u00e7\u00e3o animal, os postos de vacina\u00e7\u00e3o ser\u00e3o estruturados nas \u00e1reas externas de todas as Unidades B\u00e1sicas de Sa\u00fade (UBSs), pra\u00e7as p\u00fablicas, campos de futebol, centros comunit\u00e1rios, totalizando, aproximadamente, cem pontos de aplica\u00e7\u00e3o da vacina. A expectativa \u00e9 de que mais de 50 mil animais sejam imunizados no s\u00e1bado. Todos os locais podem ser conferidos no anexo abaixo. As pessoas impossibilitadas de levar os animais no s\u00e1bado, devem entrar em contato com o setor de zoonoses e pedir um reagendamento.<\/p>\n<p>A vacina\u00e7\u00e3o antirr\u00e1bica animal representa a a\u00e7\u00e3o mais importante na preven\u00e7\u00e3o do aparecimento da doen\u00e7a. De acordo com as orienta\u00e7\u00f5es do Minist\u00e9rio da Sa\u00fade (MS), a Secretaria Municipal de Sa\u00fade realiza a vacina\u00e7\u00e3o de c\u00e3es e gatos, em fun\u00e7\u00e3o destes animais serem principais transmissores da raiva para o ser humano, sendo recomendado aos propriet\u00e1rios de bovinos, equinos, caprinos, ovinos e su\u00ednos, que adquiram a vacina e realizem a vacina\u00e7\u00e3o de todos os seus animais, uma vez que a doen\u00e7a corresponde a uma patologia que \u00e9 transmitida por mam\u00edferos. Entretanto, cabe destacar que Juiz de Fora n\u00e3o registra casos de raiva em c\u00e3es e gatos desde 1998, devido \u00e0s abrangentes campanhas de vacina\u00e7\u00e3o que o munic\u00edpio realiza h\u00e1 v\u00e1rios anos consecutivos.<\/p>\n<p>Segundo o m\u00e9dico veterin\u00e1rio e coordenador da Campanha de Vacina\u00e7\u00e3o Antirr\u00e1bica Animal, Jos\u00e9 Geraldo de Castro J\u00fanior, a raiva \u00e9 uma zoonose causada por v\u00edrus e transmitida por mam\u00edferos, principalmente c\u00e3es e gatos, \u201ccabendo destacar que a transmiss\u00e3o ao homem pode ocorrer atrav\u00e9s de equinos e bovinos, animais silvestres\/morcegos, principalmente na zona rural. A transmiss\u00e3o ocorre atrav\u00e9s de mordeduras, arranhaduras e lambeduras de mucosas, em fun\u00e7\u00e3o do v\u00edrus estar presente na saliva dos animais contaminados. Infelizmente, alguns propriet\u00e1rios de bovinos e equinos ainda n\u00e3o vacinam seus animais, permitindo que os mesmos fiquem expostos \u00e0 circula\u00e7\u00e3o viral e ao aparecimento de casos cl\u00ednicos\u201d, afirma.<\/p>\n<p>O Hospital de Pronto Socorro (HPS) \u00e9 o local de refer\u00eancia em Juiz de Fora em casos de mordidas\/arranh\u00f5es de c\u00e3es, gatos e outros animais possivelmente contaminados. O servi\u00e7o de soroterapia do HPS \u00e9 refer\u00eancia no tratamento antirr\u00e1bico na regi\u00e3o, para que se avalie a necessidade de aplica\u00e7\u00e3o de vacina e\/ou soro antirr\u00e1bico. Esse \u00e9 um procedimento que representa outra importante a\u00e7\u00e3o na preven\u00e7\u00e3o da doen\u00e7a, al\u00e9m da vacina\u00e7\u00e3o dos animais.<\/p>\n<p><b>Confira os locais de vacina\u00e7\u00e3o no documento anexo.<\/b><\/p>\n<p><b>Outras informa\u00e7\u00f5es:<\/b><br \/>\n3690-7030 &#8211; Setor de Zoonoses<\/p>\n<\/div>\n<div class=\"texto_anexo\"><img loading=\"lazy\" decoding=\"async\" src=\"https:\/\/www.pjf.mg.gov.br\/imagens\/clips.jpg\" width=\"22\" height=\"20\" \/>\u00a0<a href=\"https:\/\/www.pjf.mg.gov.br\/noticias\/anexo\/PostosdeVacinacaoAntirrabica.pdf\" target=\"_blank\" rel=\"noopener\">Veja o anexo<\/a><\/div>\n","protected":false},"excerpt":{"rendered":"<p>O setor de Zoonoses da Secretaria de Sa\u00fade (SS) da Prefeitura de Juiz de Fora (PJF) vacina neste s\u00e1bado, dia 23, c\u00e3es e gatos contra o v\u00edrus da raiva no per\u00edmetro urbano da cidade. A vacina\u00e7\u00e3o \u00e9 indicada para caninos e felinos a partir de 3 meses de idade, e ocorre das 8h \u00e0s 17h [&hellip;]<\/p>\n","protected":false},"author":246,"featured_media":190031,"comment_status":"closed","ping_status":"closed","sticky":false,"template":"","format":"standard","meta":{"footnotes":""},"categories":[253,436,440],"tags":[],"class_list":["post-190030","post","type-post","status-publish","format-standard","has-post-thumbnail","hentry","category-cidade","category-destaque-da-semana","category-destaques-do-dia"],"_links":{"self":[{"href":"https:\/\/diarioregionaldigital.com.br\/index.php?rest_route=\/wp\/v2\/posts\/190030","targetHints":{"allow":["GET"]}}],"collection":[{"href":"https:\/\/diarioregionaldigital.com.br\/index.php?rest_route=\/wp\/v2\/posts"}],"about":[{"href":"https:\/\/diarioregionaldigital.com.br\/index.php?rest_route=\/wp\/v2\/types\/post"}],"author":[{"embeddable":true,"href":"https:\/\/diarioregionaldigital.com.br\/index.php?rest_route=\/wp\/v2\/users\/246"}],"replies":[{"embeddable":true,"href":"https:\/\/diarioregionaldigital.com.br\/index.php?rest_route=%2Fwp%2Fv2%2Fcomments&post=190030"}],"version-history":[{"count":1,"href":"https:\/\/diarioregionaldigital.com.br\/index.php?rest_route=\/wp\/v2\/posts\/190030\/revisions"}],"predecessor-version":[{"id":190032,"href":"https:\/\/diarioregionaldigital.com.br\/index.php?rest_route=\/wp\/v2\/posts\/190030\/revisions\/190032"}],"wp:featuredmedia":[{"embeddable":true,"href":"https:\/\/diarioregionaldigital.com.br\/index.php?rest_route=\/wp\/v2\/media\/190031"}],"wp:attachment":[{"href":"https:\/\/diarioregionaldigital.com.br\/index.php?rest_route=%2Fwp%2Fv2%2Fmedia&parent=190030"}],"wp:term":[{"taxonomy":"category","embeddable":true,"href":"https:\/\/diarioregionaldigital.com.br\/index.php?rest_route=%2Fwp%2Fv2%2Fcategories&post=190030"},{"taxonomy":"post_tag","embeddable":true,"href":"https:\/\/diarioregionaldigital.com.br\/index.php?rest_route=%2Fwp%2Fv2%2Ftags&post=190030"}],"curies":[{"name":"wp","href":"https:\/\/api.w.org\/{rel}","templated":true}]}}