{"id":190024,"date":"2021-10-21T17:18:37","date_gmt":"2021-10-21T20:18:37","guid":{"rendered":"https:\/\/diarioregionaldigital.com.br\/?p=190024"},"modified":"2021-10-21T17:18:37","modified_gmt":"2021-10-21T20:18:37","slug":"copa-do-brasil-atletico-mg-goleia-e-fica-perto-da-final","status":"publish","type":"post","link":"https:\/\/diarioregionaldigital.com.br\/?p=190024","title":{"rendered":"Copa do Brasil: Atl\u00e9tico-MG goleia e fica perto da final"},"content":{"rendered":"<p>O Atl\u00e9tico-MG abriu uma grande vantagem na disputa por uma vaga na final da Copa do Brasil ap\u00f3s golear o Fortaleza por 4 a 0, na noite desta quarta-feira (20) no est\u00e1dio do Mineir\u00e3o.<img decoding=\"async\" src=\"https:\/\/agenciabrasil.ebc.com.br\/ebc.png?id=1425163&amp;o=node\" \/><img decoding=\"async\" src=\"https:\/\/agenciabrasil.ebc.com.br\/ebc.gif?id=1425163&amp;o=node\" \/><\/p>\n<p>Com este resultado, o Galo pode at\u00e9 perder por tr\u00eas gols de diferen\u00e7a, na pr\u00f3xima quarta-feira (27) no est\u00e1dio do Castel\u00e3o, que chega \u00e0 grande decis\u00e3o. Ao Fortaleza, apenas um triunfo por cinco gols de vantagem garante a classifica\u00e7\u00e3o nos 90 minutos. Em caso de vit\u00f3ria por quatro gols de vantagem do Tricolor do Pici haver\u00e1 disputa de p\u00eanaltis.<\/p>\n<p>A equipe da casa iniciou o confronto em alta rota\u00e7\u00e3o, e conseguiu uma vantagem de tr\u00eas gols na etapa inicial. O placar foi aberto aos 18 minutos quando o lateral Guilherme Arana aproveitou sobra de bola para pegar de muito longe e acertar o \u00e2ngulo do gol defendido por Felipe Alves.<\/p>\n<p>Oito minutos depois Keno cobrou escanteio e R\u00e9ver acertou de cabe\u00e7a para ampliar. Gol importante para o zagueiro, que completou 300 jogos defendendo o Galo. O terceiro veio aos 40 minutos, quando Zaracho avan\u00e7ou pela direita e cruzou para Hulk, que, com muita categoria, cabeceou para deixar o dele, assumindo desta forma a artilharia da competi\u00e7\u00e3o com 5 gols, ao lado de Rigoni, do S\u00e3o Paulo, e Rossi, do Bahia.<\/p>\n<p>O Atl\u00e9tico-MG manteve o \u00edmpeto ofensivo ap\u00f3s o intervalo, e logo no primeiro minuto da etapa final marcou o quarto com Zaracho, que aproveitou bola m\u00e1 afastada de Felipe Alves para fechar o placar.<\/p>\n<p>Antes do jogo da volta, o Fortaleza recebe o Athletico-PR no Castel\u00e3o no s\u00e1bado. Um dia depois o Galo mede for\u00e7as com o Cuiab\u00e1 no Mineir\u00e3o.<\/p>\n<p><span style=\"font-weight: 400;\">Fonte: Ag\u00eancia Brasil <\/span><\/p>\n","protected":false},"excerpt":{"rendered":"<p>O Atl\u00e9tico-MG abriu uma grande vantagem na disputa por uma vaga na final da Copa do Brasil ap\u00f3s golear o Fortaleza por 4 a 0, na noite desta quarta-feira (20) no est\u00e1dio do Mineir\u00e3o. Com este resultado, o Galo pode at\u00e9 perder por tr\u00eas gols de diferen\u00e7a, na pr\u00f3xima quarta-feira (27) no est\u00e1dio do Castel\u00e3o, [&hellip;]<\/p>\n","protected":false},"author":246,"featured_media":190025,"comment_status":"closed","ping_status":"closed","sticky":false,"template":"","format":"standard","meta":{"footnotes":""},"categories":[436,257],"tags":[],"class_list":["post-190024","post","type-post","status-publish","format-standard","has-post-thumbnail","hentry","category-destaque-da-semana","category-esporte"],"_links":{"self":[{"href":"https:\/\/diarioregionaldigital.com.br\/index.php?rest_route=\/wp\/v2\/posts\/190024","targetHints":{"allow":["GET"]}}],"collection":[{"href":"https:\/\/diarioregionaldigital.com.br\/index.php?rest_route=\/wp\/v2\/posts"}],"about":[{"href":"https:\/\/diarioregionaldigital.com.br\/index.php?rest_route=\/wp\/v2\/types\/post"}],"author":[{"embeddable":true,"href":"https:\/\/diarioregionaldigital.com.br\/index.php?rest_route=\/wp\/v2\/users\/246"}],"replies":[{"embeddable":true,"href":"https:\/\/diarioregionaldigital.com.br\/index.php?rest_route=%2Fwp%2Fv2%2Fcomments&post=190024"}],"version-history":[{"count":1,"href":"https:\/\/diarioregionaldigital.com.br\/index.php?rest_route=\/wp\/v2\/posts\/190024\/revisions"}],"predecessor-version":[{"id":190026,"href":"https:\/\/diarioregionaldigital.com.br\/index.php?rest_route=\/wp\/v2\/posts\/190024\/revisions\/190026"}],"wp:featuredmedia":[{"embeddable":true,"href":"https:\/\/diarioregionaldigital.com.br\/index.php?rest_route=\/wp\/v2\/media\/190025"}],"wp:attachment":[{"href":"https:\/\/diarioregionaldigital.com.br\/index.php?rest_route=%2Fwp%2Fv2%2Fmedia&parent=190024"}],"wp:term":[{"taxonomy":"category","embeddable":true,"href":"https:\/\/diarioregionaldigital.com.br\/index.php?rest_route=%2Fwp%2Fv2%2Fcategories&post=190024"},{"taxonomy":"post_tag","embeddable":true,"href":"https:\/\/diarioregionaldigital.com.br\/index.php?rest_route=%2Fwp%2Fv2%2Ftags&post=190024"}],"curies":[{"name":"wp","href":"https:\/\/api.w.org\/{rel}","templated":true}]}}