{"id":190018,"date":"2021-10-21T17:12:23","date_gmt":"2021-10-21T20:12:23","guid":{"rendered":"https:\/\/diarioregionaldigital.com.br\/?p=190018"},"modified":"2021-10-21T17:12:23","modified_gmt":"2021-10-21T20:12:23","slug":"flamengo-arranca-empate-com-athletico-pr-na-arena-da-baixada","status":"publish","type":"post","link":"https:\/\/diarioregionaldigital.com.br\/?p=190018","title":{"rendered":"Flamengo arranca empate com Athletico-PR na Arena da Baixada"},"content":{"rendered":"<p>O Flamengo arrancou um empate de 2 a 2 com o Athletico-PR no jogo de ida das semifinais da Copa do Brasil, na noite desta quarta-feira (20) na Arena da Baixada.<img decoding=\"async\" src=\"https:\/\/agenciabrasil.ebc.com.br\/ebc.png?id=1425164&amp;o=node\" \/><img decoding=\"async\" src=\"https:\/\/agenciabrasil.ebc.com.br\/ebc.gif?id=1425164&amp;o=node\" \/><\/p>\n<p>Com isso, na partida de volta, na pr\u00f3xima quarta-feira (27) no est\u00e1dio do Maracan\u00e3, quem vencer, por qualquer placar, avan\u00e7a. Em caso de empate por qualquer placar haver\u00e1 disputa de p\u00eanaltis.<\/p>\n<p>Flamengo e Athletico-PR fizeram um jogo muito movimentado desde o in\u00edcio, com ligeira vantagem do time da G\u00e1vea na etapa inicial. E esta superioridade se traduziu em gol aos 14 minutos, quando Gabriel Barbosa chutou e Thiago Maia dominou a bola no meio do caminho e bateu de esquerda para superar Santos.<\/p>\n<p>Com a desvantagem no marcador, o t\u00e9cnico Alberto Valetim posicionou sua equipe de forma mais avan\u00e7ada na etapa inicial, marcando a sa\u00edda de bola advers\u00e1ria. E o empate n\u00e3o demorou a acontecer. Aos 2 minutos Pedro Henrique subiu muito ap\u00f3s cobran\u00e7a de escanteio para marcar.<\/p>\n<p>Com o placar igualado, o Furac\u00e3o se animou de vez na partida e passou a pressionar o Rubro-Negro. E, de tanto tentar, conseguiu a virada aos 25 minutos. Abner cruzou na \u00e1rea e Renato Kayzer superou L\u00e9o Pereira no alto para cabecear para o fundo do gol defendido por Diego Alves.<\/p>\n<p>Por\u00e9m, o Flamengo n\u00e3o se abateu, e conseguiu empatar no \u00faltimo lance da partida, em gol em cobran\u00e7a de p\u00eanalti (marcado com aux\u00edlio do \u00e1rbitro de v\u00eddeo) do atacante Pedro, que entrou no segundo tempo no lugar de Gabriel Barbosa, que deixou o campo ap\u00f3s sentir uma les\u00e3o no tornozelo direito.<\/p>\n<p>Agora, o Flamengo entra em campo pelo Campeonato Brasileiro, onde faz o cl\u00e1ssico com o Fluminense no pr\u00f3ximo s\u00e1bado (23). No mesmo dia o Athletico-PR enfrenta o Fortaleza no Castel\u00e3o.<\/p>\n<p><span style=\"font-weight: 400;\">Fonte: Ag\u00eancia Brasil <\/span><\/p>\n","protected":false},"excerpt":{"rendered":"<p>O Flamengo arrancou um empate de 2 a 2 com o Athletico-PR no jogo de ida das semifinais da Copa do Brasil, na noite desta quarta-feira (20) na Arena da Baixada. Com isso, na partida de volta, na pr\u00f3xima quarta-feira (27) no est\u00e1dio do Maracan\u00e3, quem vencer, por qualquer placar, avan\u00e7a. Em caso de empate [&hellip;]<\/p>\n","protected":false},"author":246,"featured_media":190019,"comment_status":"closed","ping_status":"closed","sticky":false,"template":"","format":"standard","meta":{"footnotes":""},"categories":[436,440,257],"tags":[],"class_list":["post-190018","post","type-post","status-publish","format-standard","has-post-thumbnail","hentry","category-destaque-da-semana","category-destaques-do-dia","category-esporte"],"_links":{"self":[{"href":"https:\/\/diarioregionaldigital.com.br\/index.php?rest_route=\/wp\/v2\/posts\/190018","targetHints":{"allow":["GET"]}}],"collection":[{"href":"https:\/\/diarioregionaldigital.com.br\/index.php?rest_route=\/wp\/v2\/posts"}],"about":[{"href":"https:\/\/diarioregionaldigital.com.br\/index.php?rest_route=\/wp\/v2\/types\/post"}],"author":[{"embeddable":true,"href":"https:\/\/diarioregionaldigital.com.br\/index.php?rest_route=\/wp\/v2\/users\/246"}],"replies":[{"embeddable":true,"href":"https:\/\/diarioregionaldigital.com.br\/index.php?rest_route=%2Fwp%2Fv2%2Fcomments&post=190018"}],"version-history":[{"count":1,"href":"https:\/\/diarioregionaldigital.com.br\/index.php?rest_route=\/wp\/v2\/posts\/190018\/revisions"}],"predecessor-version":[{"id":190020,"href":"https:\/\/diarioregionaldigital.com.br\/index.php?rest_route=\/wp\/v2\/posts\/190018\/revisions\/190020"}],"wp:featuredmedia":[{"embeddable":true,"href":"https:\/\/diarioregionaldigital.com.br\/index.php?rest_route=\/wp\/v2\/media\/190019"}],"wp:attachment":[{"href":"https:\/\/diarioregionaldigital.com.br\/index.php?rest_route=%2Fwp%2Fv2%2Fmedia&parent=190018"}],"wp:term":[{"taxonomy":"category","embeddable":true,"href":"https:\/\/diarioregionaldigital.com.br\/index.php?rest_route=%2Fwp%2Fv2%2Fcategories&post=190018"},{"taxonomy":"post_tag","embeddable":true,"href":"https:\/\/diarioregionaldigital.com.br\/index.php?rest_route=%2Fwp%2Fv2%2Ftags&post=190018"}],"curies":[{"name":"wp","href":"https:\/\/api.w.org\/{rel}","templated":true}]}}