{"id":190015,"date":"2021-10-21T17:07:23","date_gmt":"2021-10-21T20:07:23","guid":{"rendered":"https:\/\/diarioregionaldigital.com.br\/?p=190015"},"modified":"2021-10-21T17:07:23","modified_gmt":"2021-10-21T20:07:23","slug":"projeto-destina-10-de-vagas-no-sine-para-mulher-vitima-de-violencia","status":"publish","type":"post","link":"https:\/\/diarioregionaldigital.com.br\/?p=190015","title":{"rendered":"Projeto destina 10% de vagas no Sine para mulher v\u00edtima de viol\u00eancia"},"content":{"rendered":"<p>A C\u00e2mara dos Deputados aprovou hoje (21) o\u00a0<a href=\"https:\/\/www.camara.leg.br\/proposicoesWeb\/prop_mostrarintegra;jsessionid=node012tsic7tom6cn117a6m1wr7dx7194656.node0?codteor=1914756&amp;filename=PL+3878\/2020\" target=\"_blank\" rel=\"noopener\">Projeto de Lei (PL) 3878\/20<\/a>\u00a0que destina 10% de vagas de emprego pelo Sistema Nacional de Empregos (Sine) para mulheres v\u00edtimas de viol\u00eancia dom\u00e9stica ou familiar. A proposta agora segue para an\u00e1lise do Senado.<img decoding=\"async\" src=\"https:\/\/agenciabrasil.ebc.com.br\/ebc.png?id=1425203&amp;o=node\" \/><img decoding=\"async\" src=\"https:\/\/agenciabrasil.ebc.com.br\/ebc.gif?id=1425203&amp;o=node\" \/><\/p>\n<p>O projeto altera a\u00a0<a href=\"http:\/\/http\/\/www.planalto.gov.br\/ccivil_03\/_ato2015-2018\/2018\/lei\/L13667.htm\" target=\"_blank\" rel=\"noopener\">Lei n\u00ba 13.667, de 2018<\/a>, que disp\u00f5e sobre o Sine. O \u00f3rg\u00e3o \u00e9 respons\u00e1vel pelas pol\u00edticas p\u00fablicas de qualifica\u00e7\u00e3o e de recoloca\u00e7\u00e3o dos trabalhadores no mercado de trabalho.<\/p>\n<p>De acordo com o texto, n\u00e3o havendo o preenchimento das vagas por aus\u00eancia de mulheres em situa\u00e7\u00e3o de viol\u00eancia dom\u00e9stica ou familiar, as vagas remanescentes poder\u00e3o ser preenchidas por mulheres e, n\u00e3o havendo, pelo p\u00fablico em geral.<\/p>\n<p>O projeto aprovado \u00e9 um substitutivo da relatora deputada Tabata Amaral (PSB-SP). Ao justificar a aprova\u00e7\u00e3o da proposta, a deputada disse que durante a pandemia da covid-19 aumentou o n\u00famero de casos de viol\u00eancia contra a mulher.<\/p>\n<p>Uma pesquisa realizada pelo Instituto Datafolha, encomendada pelo F\u00f3rum Brasileiro de Seguran\u00e7a P\u00fablica, revelou que, em 2020, uma em cada quatro mulheres acima de 16 anos de idade afirmou ter sofrido algum tipo de viol\u00eancia.<\/p>\n<p>O levantamento mostrou ainda que houve um aumento no n\u00famero de agress\u00f5es dentro de casa, que passou de 42% para 48,8%, e um crescimento na participa\u00e7\u00e3o de companheiros, namorados e ex-parceiros como autores das agress\u00f5es.<\/p>\n<p>De acordo com a deputada Tabata Amaral, os casos de viol\u00eancia dom\u00e9stica comprometem a autonomia econ\u00f4mica das v\u00edtimas da viol\u00eancia e aumentam o seu grau de depend\u00eancia do parceiro assediador. A deputada disse ainda que o projeto visa criar condi\u00e7\u00f5es para que as mulheres se mantenham afastadas das situa\u00e7\u00f5es de viol\u00eancia.<\/p>\n<p>\u201cOs impactos da viol\u00eancia dom\u00e9stica sobre o mercado de trabalho aumentam o grau de depend\u00eancia das mulheres v\u00edtimas de viol\u00eancia e as iniciativas que priorizem o seu acesso ao emprego devem ser incentivadas\u201d, disse Tabata.<\/p>\n<p><span style=\"font-weight: 400;\">Fonte: Ag\u00eancia Brasil <\/span><\/p>\n","protected":false},"excerpt":{"rendered":"<p>A C\u00e2mara dos Deputados aprovou hoje (21) o\u00a0Projeto de Lei (PL) 3878\/20\u00a0que destina 10% de vagas de emprego pelo Sistema Nacional de Empregos (Sine) para mulheres v\u00edtimas de viol\u00eancia dom\u00e9stica ou familiar. A proposta agora segue para an\u00e1lise do Senado. O projeto altera a\u00a0Lei n\u00ba 13.667, de 2018, que disp\u00f5e sobre o Sine. O \u00f3rg\u00e3o [&hellip;]<\/p>\n","protected":false},"author":246,"featured_media":190016,"comment_status":"closed","ping_status":"closed","sticky":false,"template":"","format":"standard","meta":{"footnotes":""},"categories":[436,254],"tags":[],"class_list":["post-190015","post","type-post","status-publish","format-standard","has-post-thumbnail","hentry","category-destaque-da-semana","category-politica"],"_links":{"self":[{"href":"https:\/\/diarioregionaldigital.com.br\/index.php?rest_route=\/wp\/v2\/posts\/190015","targetHints":{"allow":["GET"]}}],"collection":[{"href":"https:\/\/diarioregionaldigital.com.br\/index.php?rest_route=\/wp\/v2\/posts"}],"about":[{"href":"https:\/\/diarioregionaldigital.com.br\/index.php?rest_route=\/wp\/v2\/types\/post"}],"author":[{"embeddable":true,"href":"https:\/\/diarioregionaldigital.com.br\/index.php?rest_route=\/wp\/v2\/users\/246"}],"replies":[{"embeddable":true,"href":"https:\/\/diarioregionaldigital.com.br\/index.php?rest_route=%2Fwp%2Fv2%2Fcomments&post=190015"}],"version-history":[{"count":1,"href":"https:\/\/diarioregionaldigital.com.br\/index.php?rest_route=\/wp\/v2\/posts\/190015\/revisions"}],"predecessor-version":[{"id":190017,"href":"https:\/\/diarioregionaldigital.com.br\/index.php?rest_route=\/wp\/v2\/posts\/190015\/revisions\/190017"}],"wp:featuredmedia":[{"embeddable":true,"href":"https:\/\/diarioregionaldigital.com.br\/index.php?rest_route=\/wp\/v2\/media\/190016"}],"wp:attachment":[{"href":"https:\/\/diarioregionaldigital.com.br\/index.php?rest_route=%2Fwp%2Fv2%2Fmedia&parent=190015"}],"wp:term":[{"taxonomy":"category","embeddable":true,"href":"https:\/\/diarioregionaldigital.com.br\/index.php?rest_route=%2Fwp%2Fv2%2Fcategories&post=190015"},{"taxonomy":"post_tag","embeddable":true,"href":"https:\/\/diarioregionaldigital.com.br\/index.php?rest_route=%2Fwp%2Fv2%2Ftags&post=190015"}],"curies":[{"name":"wp","href":"https:\/\/api.w.org\/{rel}","templated":true}]}}