{"id":189986,"date":"2021-10-15T06:00:12","date_gmt":"2021-10-15T09:00:12","guid":{"rendered":"https:\/\/diarioregionaldigital.com.br\/?p=189986"},"modified":"2021-10-21T00:03:15","modified_gmt":"2021-10-21T03:03:15","slug":"um-amplo-espectro-de-amor","status":"publish","type":"post","link":"https:\/\/diarioregionaldigital.com.br\/?p=189986","title":{"rendered":"Um Amplo Espectro de Amor"},"content":{"rendered":"<p>O amor que Deus pede que tenhamos uns pelos outros possui um amplo espectro. Como Cristo nos ensina, ele \u00e9 devotado aos amigos: \u201cNingu\u00e9m tem maior amor do que aquele que d\u00e1 a sua vida pelos seus amigos\u201d (Jo\u00e3o 15.13 vers\u00e3o NVI), mas alcan\u00e7a tamb\u00e9m os inimigos: \u201cMas eu lhes digo: Amem os seus inimigos e orem por aqueles que os perseguem\u201d (Mateus 5.44 vers\u00e3o NVI).<\/p>\n<p>Como qualquer recipiente, o cora\u00e7\u00e3o para ser cheio de uma coisa deve ser esvaziado de outra. Para ser cheio de amor, deve ser esvaziado do \u00f3dio, raiva, m\u00e1goa, intoler\u00e2ncia:<\/p>\n<p>\u201cSe algu\u00e9m afirmar: \u2018Eu amo a Deus\u2019, mas odiar seu irm\u00e3o, \u00e9 mentiroso, pois quem n\u00e3o ama seu irm\u00e3o, a quem v\u00ea, n\u00e3o pode amar a Deus, a quem n\u00e3o v\u00ea\u201d (1Jo\u00e3o 4.20 vers\u00e3o NVI).<\/p>\n<p>Porque amar a esposa\/marido, o filho\/filha, o amigo\/amiga \u00e9 f\u00e1cil, o desafio que nos aperfei\u00e7oa diante de Deus \u00e9 amar a quem nos persegue, aquela pessoa que nos insulta, quem lan\u00e7a falso testemunho, que inveja ou que nos odeia\u2026 Mateus cap\u00edtulo 5, vers\u00edculos 46 e 47 nos alerta:<\/p>\n<p>\u201cSe voc\u00eas amarem aqueles que os amam, que recompensa receber\u00e3o? At\u00e9 os publicanos fazem isso! E se voc\u00eas saudarem apenas os seus irm\u00e3os, o que estar\u00e3o fazendo de mais? At\u00e9 os pag\u00e3os fazem isso! (Vers\u00e3o NVI).<\/p>\n<p>Cristo sempre nos exorta a sermos o melhor, ele quer que sejamos imitadores do Pai: \u201cPortanto, sejam perfeitos como perfeito \u00e9 o Pai celestial de voc\u00eas&#8221;. (Mateus 5.48 vers\u00e3o NVI).<\/p>\n<p>Algu\u00e9m ent\u00e3o retruca dizendo: \u201cfalar \u00e9 f\u00e1cil, dif\u00edcil \u00e9 suportar quem me faz mal\u201d. Verdade, mas ningu\u00e9m disse que \u00e9 f\u00e1cil, se assim fosse, n\u00e3o haveria raz\u00e3o de designar o amor como um mandamento. Por\u00e9m, se n\u00e3o amamos uma determinada pessoa pelas suas pr\u00f3prias a\u00e7\u00f5es, amemos ent\u00e3o por gratid\u00e3o ao Pai: \u201cN\u00f3s amamos porque ele nos amou primeiro\u201d (1Jo\u00e3o 4.19 vers\u00e3o NVI).<\/p>\n<p>Mesmo porque, ao fim e ao cabo, ningu\u00e9m pode se rogar justo e impec\u00e1vel ao ponto de poder julgar as outras pessoas. A verdade maior \u00e9 que somos iguais, seja como pecadores, seja como devedores do perd\u00e3o. Como nos ensina o ap\u00f3stolo Paulo: n\u00e3o h\u00e1 ningu\u00e9m que seja suficientemente justo, nenhum ser humano (Romanos 3.10), n\u00e3o existe aquele que possa gloriar-se diante de Deus (1Cor\u00edntios 1.19).<\/p>\n<p>Portanto, tenhamos a mesma miseric\u00f3rdia que nos foi ofertada e ame, n\u00e3o por m\u00e9rito, mas por gratid\u00e3o:<\/p>\n<p>\u201cNisto consiste o amor: n\u00e3o em que n\u00f3s tenhamos amado a Deus, mas em que ele nos amou e enviou seu Filho como propicia\u00e7\u00e3o pelos nossos pecados\u201d (1Jo\u00e3o 4.10 vers\u00e3o NVI).<\/p>\n","protected":false},"excerpt":{"rendered":"<p>O amor que Deus pede que tenhamos uns pelos outros possui um amplo espectro. Como Cristo nos ensina, ele \u00e9 devotado aos amigos: \u201cNingu\u00e9m tem maior amor do que aquele que d\u00e1 a sua vida pelos seus amigos\u201d (Jo\u00e3o 15.13 vers\u00e3o NVI), mas alcan\u00e7a tamb\u00e9m os inimigos: \u201cMas eu lhes digo: Amem os seus inimigos [&hellip;]<\/p>\n","protected":false},"author":96,"featured_media":0,"comment_status":"closed","ping_status":"closed","sticky":false,"template":"","format":"standard","meta":{"footnotes":""},"categories":[1244],"tags":[],"class_list":["post-189986","post","type-post","status-publish","format-standard","hentry","category-oleg-abramov"],"_links":{"self":[{"href":"https:\/\/diarioregionaldigital.com.br\/index.php?rest_route=\/wp\/v2\/posts\/189986","targetHints":{"allow":["GET"]}}],"collection":[{"href":"https:\/\/diarioregionaldigital.com.br\/index.php?rest_route=\/wp\/v2\/posts"}],"about":[{"href":"https:\/\/diarioregionaldigital.com.br\/index.php?rest_route=\/wp\/v2\/types\/post"}],"author":[{"embeddable":true,"href":"https:\/\/diarioregionaldigital.com.br\/index.php?rest_route=\/wp\/v2\/users\/96"}],"replies":[{"embeddable":true,"href":"https:\/\/diarioregionaldigital.com.br\/index.php?rest_route=%2Fwp%2Fv2%2Fcomments&post=189986"}],"version-history":[{"count":1,"href":"https:\/\/diarioregionaldigital.com.br\/index.php?rest_route=\/wp\/v2\/posts\/189986\/revisions"}],"predecessor-version":[{"id":189987,"href":"https:\/\/diarioregionaldigital.com.br\/index.php?rest_route=\/wp\/v2\/posts\/189986\/revisions\/189987"}],"wp:attachment":[{"href":"https:\/\/diarioregionaldigital.com.br\/index.php?rest_route=%2Fwp%2Fv2%2Fmedia&parent=189986"}],"wp:term":[{"taxonomy":"category","embeddable":true,"href":"https:\/\/diarioregionaldigital.com.br\/index.php?rest_route=%2Fwp%2Fv2%2Fcategories&post=189986"},{"taxonomy":"post_tag","embeddable":true,"href":"https:\/\/diarioregionaldigital.com.br\/index.php?rest_route=%2Fwp%2Fv2%2Ftags&post=189986"}],"curies":[{"name":"wp","href":"https:\/\/api.w.org\/{rel}","templated":true}]}}