{"id":189984,"date":"2021-10-20T06:00:43","date_gmt":"2021-10-20T09:00:43","guid":{"rendered":"https:\/\/diarioregionaldigital.com.br\/?p=189984"},"modified":"2021-10-21T00:01:41","modified_gmt":"2021-10-21T03:01:41","slug":"palavras-comovem-testemunhos-arrastam-20-10-2021","status":"publish","type":"post","link":"https:\/\/diarioregionaldigital.com.br\/?p=189984","title":{"rendered":"Palavras Comovem Testemunhos Arrastam &#8211; 20\/10\/2021"},"content":{"rendered":"<p>Meu caro leitor \u00e9 com alegria que novamente estamos chegando at\u00e9 voc\u00ea para mais uma edi\u00e7\u00e3o de palavras comovem mas testemunhos arrastam. Bem sei de sua expectativa para ler os testemunhos aqui apresentados. Hoje teremos dois belos. Vamos ao primeiro<\/p>\n<p>Padre Erelis, a sua b\u00ean\u00e7\u00e3o, aqui \u00e9 a M\u00e1rio de Tr\u00eas Rios. Gostaria de agradecer ao senhor pelas ora\u00e7\u00f5es feitas pela minha cura da Covid. No dia 10 de setembro quando fui fazer o teste pra ver se estava com Covid, pois estava retornando das f\u00e9rias. Ao saber que\u00a0 havia testado positivo embora estando sem sintomas da Covid minha esposa e eu ficamos muito apavorados, pois n\u00f3s hav\u00edamos ficado em casa os 10 dias que tirei f\u00e9rias. Pelo fato de ser hipertenso, confesso que tive muito medo de ter complica\u00e7\u00f5es. Minha esposa\u00a0 Ligou pro senhor e o senhor fez as ora\u00e7\u00f5es de S\u00e3o Judas Tadeu e S\u00e3o Roque e disse que se eu n\u00e3o estava tendo sintomas poderia ter a certeza de que n\u00e3o iria ter e se tivesse alguns dos sintomas seriam brandos\u00a0 e que n\u00f3s poder\u00edamos ficar despreocupados que Deus\u00a0 agiria na minha vida, isso nos confortou e nos deu confian\u00e7a de que com f\u00e9 na intercess\u00e3o de s\u00e3o Judas Tadeu e S\u00e3o Roque junto do Divino Pai Eterno eu haveria de vencer essa batalha sem complica\u00e7\u00f5es. Realmente meus sintomas foram brandos apenas me sentia muito desanimado e com um pouco de dor no corpo. No dia 25 de setembro fiz novo teste pra saber se estava ainda com v\u00edrus e\u00a0 gra\u00e7as ao Divino Pai Eterno\u00a0 pela intercess\u00e3o de S\u00e3o Judas Tadeu e S\u00e3o Roque e as suas ora\u00e7\u00f5es do senhor,\u00a0 eu estou\u00a0 bem e sem o v\u00edrus. Sua b\u00ean\u00e7\u00e3o para todos n\u00f3s!!\u00a0\u00a0 Vamos agora ao segundo testemunho\u00a0\u00a0 [01\/08 12:01]\u00a0 meu nome \u00e9 Marilda sou Barbacena Minas Gerais. Padre a sua b\u00ean\u00e7\u00e3o!\u00a0 Me coloca em ora\u00e7\u00e3o hoje por favor. Eu estou muito aflita e preocupada precisando de ajuda para conseguir for\u00e7as e coragem\u00a0 numa cirurgia que preciso fazer\u00a0\u00a0 e n\u00e3o estou\u00a0 conseguindo ter coragem.\u00a0 Devido a enfermidade tenho tido crise de precisa as vezes me falta a f\u00e9 e esperan\u00e7a. Sei da sua for\u00e7a na ora\u00e7\u00e3o rese por mim.<\/p>\n<p>[01\/08 13:32] padre Erelis: Deus pai de amor e bondade digneis aben\u00e7oar essa vossa filha curando-a dessa depress\u00e3o dando-lhe for\u00e7a para fazer a cirurgia. S\u00e3o Judas Tadeu interceda por ela junto ao Divino Pai Eterno.<\/p>\n<p>[13\/9 22:15] Marilda: Bom dia padre! Venho agradecer suas ora\u00e7\u00f5es. Consegui fazer a cirurgia o senhor \u00e9 um anjo na vida de todos n\u00f3s. Minha recupera\u00e7\u00e3o da cirurgia est\u00e1 sendo \u00f3tima.<\/p>\n<p>obrigado Padre o senhor realmente toca o cora\u00e7\u00e3o de Deus com suas ora\u00e7\u00f5es. Deus aben\u00e7oe muito o senhor. Vejam como milagres\u00a0 acontecem! Convido voc\u00ea para participar da missa\u00a0 de S\u00e3o Judas Tadeu das causas imposs\u00edveis clamando a miseric\u00f3rdia de Jesus por sa\u00fade e liberta\u00e7\u00e3o as quartas feiras \u00e0s 19h na igreja de Santa Rita e o ter\u00e7o todos os dias\u00a0 \u00e0s 07h; \u00e0s 20e30 pelo YouTube; Facebook; do santu\u00e1rio virtual S\u00e3o Judas Tadeu svsaojudastadeu e \u00e0s 22 pelo Whatsapp com deixo o n\u00famero do meu celular para me ligarem quando precisar de uma ora\u00e7\u00e3o 988652609 se eu\u00a0 n\u00e3o atender na hora eu retornarei assim que eu ver a liga\u00e7\u00e3o.<\/p>\n","protected":false},"excerpt":{"rendered":"<p>Meu caro leitor \u00e9 com alegria que novamente estamos chegando at\u00e9 voc\u00ea para mais uma edi\u00e7\u00e3o de palavras comovem mas testemunhos arrastam. Bem sei de sua expectativa para ler os testemunhos aqui apresentados. Hoje teremos dois belos. Vamos ao primeiro Padre Erelis, a sua b\u00ean\u00e7\u00e3o, aqui \u00e9 a M\u00e1rio de Tr\u00eas Rios. Gostaria de agradecer [&hellip;]<\/p>\n","protected":false},"author":96,"featured_media":0,"comment_status":"closed","ping_status":"closed","sticky":false,"template":"","format":"standard","meta":{"footnotes":""},"categories":[1245],"tags":[],"class_list":["post-189984","post","type-post","status-publish","format-standard","hentry","category-padre-erelis"],"_links":{"self":[{"href":"https:\/\/diarioregionaldigital.com.br\/index.php?rest_route=\/wp\/v2\/posts\/189984","targetHints":{"allow":["GET"]}}],"collection":[{"href":"https:\/\/diarioregionaldigital.com.br\/index.php?rest_route=\/wp\/v2\/posts"}],"about":[{"href":"https:\/\/diarioregionaldigital.com.br\/index.php?rest_route=\/wp\/v2\/types\/post"}],"author":[{"embeddable":true,"href":"https:\/\/diarioregionaldigital.com.br\/index.php?rest_route=\/wp\/v2\/users\/96"}],"replies":[{"embeddable":true,"href":"https:\/\/diarioregionaldigital.com.br\/index.php?rest_route=%2Fwp%2Fv2%2Fcomments&post=189984"}],"version-history":[{"count":1,"href":"https:\/\/diarioregionaldigital.com.br\/index.php?rest_route=\/wp\/v2\/posts\/189984\/revisions"}],"predecessor-version":[{"id":189985,"href":"https:\/\/diarioregionaldigital.com.br\/index.php?rest_route=\/wp\/v2\/posts\/189984\/revisions\/189985"}],"wp:attachment":[{"href":"https:\/\/diarioregionaldigital.com.br\/index.php?rest_route=%2Fwp%2Fv2%2Fmedia&parent=189984"}],"wp:term":[{"taxonomy":"category","embeddable":true,"href":"https:\/\/diarioregionaldigital.com.br\/index.php?rest_route=%2Fwp%2Fv2%2Fcategories&post=189984"},{"taxonomy":"post_tag","embeddable":true,"href":"https:\/\/diarioregionaldigital.com.br\/index.php?rest_route=%2Fwp%2Fv2%2Ftags&post=189984"}],"curies":[{"name":"wp","href":"https:\/\/api.w.org\/{rel}","templated":true}]}}