{"id":189918,"date":"2021-10-20T15:04:59","date_gmt":"2021-10-20T18:04:59","guid":{"rendered":"https:\/\/diarioregionaldigital.com.br\/?p=189918"},"modified":"2021-10-20T15:04:59","modified_gmt":"2021-10-20T18:04:59","slug":"plano-abc-pretende-reduzir-emissao-de-carbono-em-11-bi-de-toneladas","status":"publish","type":"post","link":"https:\/\/diarioregionaldigital.com.br\/?p=189918","title":{"rendered":"Plano ABC+ pretende reduzir emiss\u00e3o de carbono em 1,1 bi de toneladas"},"content":{"rendered":"<p>A nova vers\u00e3o do Plano Setorial de Adapta\u00e7\u00e3o e Baixa Emiss\u00e3o de Carbono na Agropecu\u00e1ria (Plano ABC+) pretende cortar a emiss\u00e3o de carbono em 1,1 bilh\u00e3o de toneladas at\u00e9 2030. Isso representa um aumento de sete vezes ao valor definido no plano original, cuja primeira etapa foi executada na \u00faltima d\u00e9cada.<img decoding=\"async\" src=\"https:\/\/agenciabrasil.ebc.com.br\/ebc.png?id=1424816&amp;o=node\" \/><img decoding=\"async\" src=\"https:\/\/agenciabrasil.ebc.com.br\/ebc.gif?id=1424816&amp;o=node\" \/><\/p>\n<p>As metas revisadas foram divulgadas hoje (18) pela ministra da Agricultura, Pecu\u00e1ria e Abastecimento, Tereza Cristina. A nova etapa do plano pretende introduzir tecnologias de produ\u00e7\u00e3o sustent\u00e1vel em 72,68 milh\u00f5es de hectares no Brasil nos pr\u00f3ximos nove anos. A \u00e1rea equivale a pouco mais que o dobro da superf\u00edcie do Reino Unido.<\/p>\n<p>O plano tamb\u00e9m pretende aumentar em 208,4 milh\u00f5es de metros c\u00fabicos o volume de res\u00edduos animais tratados e ampliar para 5 milh\u00f5es o n\u00famero de cabe\u00e7as de gado engordadas com o m\u00e9todo de termina\u00e7\u00e3o intensiva a pasto, que prev\u00ea o fornecimento de ra\u00e7\u00f5es aos animais durante o per\u00edodo de seca e a melhoria da aduba\u00e7\u00e3o dos pastos. A engorda mais r\u00e1pida reduz a emiss\u00e3o de g\u00e1s carb\u00f4nico pelo gado.<\/p>\n<p>Na cerim\u00f4nia de lan\u00e7amento do plano, a ministra Tereza Cristina disse que, apesar das metas ambiciosas, o agroneg\u00f3cio brasileiro tem condi\u00e7\u00f5es de cumpri-las. \u201cTemos uma das mais ambiciosas pol\u00edticas p\u00fablicas da agropecu\u00e1ria do mudo, que tra\u00e7a metas ousadas para aprimorar a sustentabilidade da produ\u00e7\u00e3o brasileira ao longo da pr\u00f3xima d\u00e9cada e manter o agro na vanguarda dos esfor\u00e7os de enfrentamento da mudan\u00e7a do clima\u201d, declarou.<\/p>\n<p>Em rela\u00e7\u00e3o ao Plano ABC, executado entre 2010 e 2020, o Minist\u00e9rio da Agricultura informou que os resultados superaram as previs\u00f5es. Nos \u00faltimos dez anos, as a\u00e7\u00f5es conseguiram evitar a emiss\u00e3o de 170 milh\u00f5es de toneladas de g\u00e1s carb\u00f4nico e beneficiou 52 milh\u00f5es de hectares com tecnologias mais modernas de produ\u00e7\u00e3o. Isso significa 46,5% al\u00e9m da meta original, segundo a pasta.<\/p>\n<p>Os valores anunciados hoje ser\u00e3o somados \u00e0s metas executadas na \u00faltima d\u00e9cada. Dessa forma, as metas atingidas pelo Plano ABC original est\u00e3o mantidas. O Plano ABC+ ser\u00e1 apresentado pelo governo brasileiro na pr\u00f3xima Confer\u00eancia das Na\u00e7\u00f5es Unidas para as Mudan\u00e7as Clim\u00e1ticas (COP-26).<\/p>\n<p><strong>A\u00e7\u00f5es<\/strong><\/p>\n<p>O novo plano estabelece uma abordagem integrada das \u00e1reas produtivas, poupando o m\u00e1ximo poss\u00edvel de terra e cumprindo o C\u00f3digo Florestal, a manuten\u00e7\u00e3o da sa\u00fade do solo e a conserva\u00e7\u00e3o de \u00e1gua e da biodiversidade. Segundo o Minist\u00e9rio da Agricultura, essa abordagem melhora a gera\u00e7\u00e3o de renda por meio dos servi\u00e7os ambientais gerados pelos ecossistemas durante a produ\u00e7\u00e3o agropecu\u00e1ria.<\/p>\n<p>A promo\u00e7\u00e3o de oito formas de tecnologia est\u00e1 prevista no Plano ABC+: a recupera\u00e7\u00e3o de \u00e1reas degradadas; o plantio de 4 milh\u00f5es de hectares de florestas; o tratamento de res\u00edduos animais; a termina\u00e7\u00e3o intensiva de pastos; o uso de micro-organismos a partir de bioinsumos; plantio direto de gr\u00e3os com o m\u00ednimo de reviramento de solo e cobertura permanente com plantas vivas ou palhada; sistemas de irriga\u00e7\u00e3o eficientes que consumam pouca \u00e1gua; e sistemas integrados de plantio entre culturas diferentes e hortali\u00e7as.<\/p>\n<p><span style=\"font-weight: 400;\">Fonte: Ag\u00eancia Brasil <\/span><\/p>\n","protected":false},"excerpt":{"rendered":"<p>A nova vers\u00e3o do Plano Setorial de Adapta\u00e7\u00e3o e Baixa Emiss\u00e3o de Carbono na Agropecu\u00e1ria (Plano ABC+) pretende cortar a emiss\u00e3o de carbono em 1,1 bilh\u00e3o de toneladas at\u00e9 2030. Isso representa um aumento de sete vezes ao valor definido no plano original, cuja primeira etapa foi executada na \u00faltima d\u00e9cada. As metas revisadas foram [&hellip;]<\/p>\n","protected":false},"author":246,"featured_media":189919,"comment_status":"closed","ping_status":"closed","sticky":false,"template":"","format":"standard","meta":{"footnotes":""},"categories":[436,254],"tags":[],"class_list":["post-189918","post","type-post","status-publish","format-standard","has-post-thumbnail","hentry","category-destaque-da-semana","category-politica"],"_links":{"self":[{"href":"https:\/\/diarioregionaldigital.com.br\/index.php?rest_route=\/wp\/v2\/posts\/189918","targetHints":{"allow":["GET"]}}],"collection":[{"href":"https:\/\/diarioregionaldigital.com.br\/index.php?rest_route=\/wp\/v2\/posts"}],"about":[{"href":"https:\/\/diarioregionaldigital.com.br\/index.php?rest_route=\/wp\/v2\/types\/post"}],"author":[{"embeddable":true,"href":"https:\/\/diarioregionaldigital.com.br\/index.php?rest_route=\/wp\/v2\/users\/246"}],"replies":[{"embeddable":true,"href":"https:\/\/diarioregionaldigital.com.br\/index.php?rest_route=%2Fwp%2Fv2%2Fcomments&post=189918"}],"version-history":[{"count":1,"href":"https:\/\/diarioregionaldigital.com.br\/index.php?rest_route=\/wp\/v2\/posts\/189918\/revisions"}],"predecessor-version":[{"id":189920,"href":"https:\/\/diarioregionaldigital.com.br\/index.php?rest_route=\/wp\/v2\/posts\/189918\/revisions\/189920"}],"wp:featuredmedia":[{"embeddable":true,"href":"https:\/\/diarioregionaldigital.com.br\/index.php?rest_route=\/wp\/v2\/media\/189919"}],"wp:attachment":[{"href":"https:\/\/diarioregionaldigital.com.br\/index.php?rest_route=%2Fwp%2Fv2%2Fmedia&parent=189918"}],"wp:term":[{"taxonomy":"category","embeddable":true,"href":"https:\/\/diarioregionaldigital.com.br\/index.php?rest_route=%2Fwp%2Fv2%2Fcategories&post=189918"},{"taxonomy":"post_tag","embeddable":true,"href":"https:\/\/diarioregionaldigital.com.br\/index.php?rest_route=%2Fwp%2Fv2%2Ftags&post=189918"}],"curies":[{"name":"wp","href":"https:\/\/api.w.org\/{rel}","templated":true}]}}