{"id":189915,"date":"2021-10-20T15:02:26","date_gmt":"2021-10-20T18:02:26","guid":{"rendered":"https:\/\/diarioregionaldigital.com.br\/?p=189915"},"modified":"2021-10-20T15:02:26","modified_gmt":"2021-10-20T18:02:26","slug":"camara-retornara-as-atividades-presenciais-na-proxima-semana","status":"publish","type":"post","link":"https:\/\/diarioregionaldigital.com.br\/?p=189915","title":{"rendered":"C\u00e2mara retornar\u00e1 \u00e0s atividades presenciais na pr\u00f3xima semana"},"content":{"rendered":"<p>A C\u00e2mara dos Deputados vai retornar \u00e0s atividades presenciais na pr\u00f3xima segunda-feira (25). A decis\u00e3o foi tomada na manh\u00e3 de hoje (19) pela Mesa Diretora da Casa. A mesa disse que, entre outras medidas, ser\u00e1 exigida apresenta\u00e7\u00e3o do passaporte da\u00a0vacina\u00e7\u00e3o\u00a0para entrar nas depend\u00eancias da Casa.<img decoding=\"async\" src=\"https:\/\/agenciabrasil.ebc.com.br\/ebc.png?id=1424891&amp;o=node\" \/><img decoding=\"async\" src=\"https:\/\/agenciabrasil.ebc.com.br\/ebc.gif?id=1424891&amp;o=node\" \/><\/p>\n<p>O presidente da C\u00e2mara, Arthur Lira (PP-AL), disse, por meio de uma rede social, que ser\u00e3o tomadas medidas administrativas e sanit\u00e1rias para assegurar o retorno ao trabalho presencial.<\/p>\n<p>&#8220;A Mesa Diretora da C\u00e2mara dos Deputados decidiu h\u00e1 pouco que os trabalhos presenciais ser\u00e3o retomados a partir da 2\u00aa-feira, 25. Ser\u00e3o tomadas todas as medidas administrativas e sanit\u00e1rias no retorno das atividades, entre elas, a apresenta\u00e7\u00e3o da carteira de vacina\u00e7\u00e3o&#8221;, escreveu Lira no Twitter.<\/p>\n<p>Os trabalhos presenciais na Casa foram suspensos em mar\u00e7o do ano passado, em raz\u00e3o da pandemia de covid-19. Desde ent\u00e3o, as atividades t\u00eam sido realizadas de forma h\u00edbrida.<\/p>\n<p>No final do m\u00eas de setembro, Lira chegou a anunciar que a Casa retornaria \u00e0s atividades presenciais no dia 18 de outubro, mas a decis\u00e3o foi adiada.<\/p>\n<p><span style=\"font-weight: 400;\"><br \/>\n<\/span><span style=\"font-weight: 400;\">Fonte: Ag\u00eancia Brasil <\/span><\/p>\n","protected":false},"excerpt":{"rendered":"<p>A C\u00e2mara dos Deputados vai retornar \u00e0s atividades presenciais na pr\u00f3xima segunda-feira (25). A decis\u00e3o foi tomada na manh\u00e3 de hoje (19) pela Mesa Diretora da Casa. A mesa disse que, entre outras medidas, ser\u00e1 exigida apresenta\u00e7\u00e3o do passaporte da\u00a0vacina\u00e7\u00e3o\u00a0para entrar nas depend\u00eancias da Casa. O presidente da C\u00e2mara, Arthur Lira (PP-AL), disse, por meio [&hellip;]<\/p>\n","protected":false},"author":246,"featured_media":189916,"comment_status":"closed","ping_status":"closed","sticky":false,"template":"","format":"standard","meta":{"footnotes":""},"categories":[436,254],"tags":[],"class_list":["post-189915","post","type-post","status-publish","format-standard","has-post-thumbnail","hentry","category-destaque-da-semana","category-politica"],"_links":{"self":[{"href":"https:\/\/diarioregionaldigital.com.br\/index.php?rest_route=\/wp\/v2\/posts\/189915","targetHints":{"allow":["GET"]}}],"collection":[{"href":"https:\/\/diarioregionaldigital.com.br\/index.php?rest_route=\/wp\/v2\/posts"}],"about":[{"href":"https:\/\/diarioregionaldigital.com.br\/index.php?rest_route=\/wp\/v2\/types\/post"}],"author":[{"embeddable":true,"href":"https:\/\/diarioregionaldigital.com.br\/index.php?rest_route=\/wp\/v2\/users\/246"}],"replies":[{"embeddable":true,"href":"https:\/\/diarioregionaldigital.com.br\/index.php?rest_route=%2Fwp%2Fv2%2Fcomments&post=189915"}],"version-history":[{"count":1,"href":"https:\/\/diarioregionaldigital.com.br\/index.php?rest_route=\/wp\/v2\/posts\/189915\/revisions"}],"predecessor-version":[{"id":189917,"href":"https:\/\/diarioregionaldigital.com.br\/index.php?rest_route=\/wp\/v2\/posts\/189915\/revisions\/189917"}],"wp:featuredmedia":[{"embeddable":true,"href":"https:\/\/diarioregionaldigital.com.br\/index.php?rest_route=\/wp\/v2\/media\/189916"}],"wp:attachment":[{"href":"https:\/\/diarioregionaldigital.com.br\/index.php?rest_route=%2Fwp%2Fv2%2Fmedia&parent=189915"}],"wp:term":[{"taxonomy":"category","embeddable":true,"href":"https:\/\/diarioregionaldigital.com.br\/index.php?rest_route=%2Fwp%2Fv2%2Fcategories&post=189915"},{"taxonomy":"post_tag","embeddable":true,"href":"https:\/\/diarioregionaldigital.com.br\/index.php?rest_route=%2Fwp%2Fv2%2Ftags&post=189915"}],"curies":[{"name":"wp","href":"https:\/\/api.w.org\/{rel}","templated":true}]}}