{"id":189905,"date":"2021-10-20T14:43:29","date_gmt":"2021-10-20T17:43:29","guid":{"rendered":"https:\/\/diarioregionaldigital.com.br\/?p=189905"},"modified":"2021-10-20T15:13:36","modified_gmt":"2021-10-20T18:13:36","slug":"taxa-media-do-emprestimo-pessoal-varia-095-em-outubro-diz-procon-sp","status":"publish","type":"post","link":"https:\/\/diarioregionaldigital.com.br\/?p=189905","title":{"rendered":"Taxa m\u00e9dia do empr\u00e9stimo pessoal varia 0,95% em outubro, diz Procon-SP"},"content":{"rendered":"<p>A taxa m\u00e9dia do empr\u00e9stimo pessoal teve varia\u00e7\u00e3o positiva de 0,95% em outubro, segundo a pesquisa de taxa de juros do Procon-SP.\u00a0 Nos seis bancos pesquisados, a taxa m\u00e9dia do cr\u00e9dito pessoal ficou em 6,38% ao m\u00eas, acr\u00e9scimo de 0,06 ponto percentual (pp) em rela\u00e7\u00e3o \u00e0 m\u00e9dia referente ao m\u00eas anterior, que foi de 6,32%, representando uma varia\u00e7\u00e3o positiva de 0,95%.<img decoding=\"async\" src=\"https:\/\/agenciabrasil.ebc.com.br\/ebc.png?id=1425011&amp;o=node\" \/><img decoding=\"async\" src=\"https:\/\/agenciabrasil.ebc.com.br\/ebc.gif?id=1425011&amp;o=node\" \/><\/p>\n<p>O levantamento foi feito em 4 de outubro pelo N\u00facleo de Intelig\u00eancia e Pesquisas da Escola de Prote\u00e7\u00e3o e Defesa do Consumidor nos seguintes bancos: Banco do Brasil, Bradesco, Caixa Econ\u00f4mica Federal, Ita\u00fa, Safra e Santander.<\/p>\n<p>No cheque especial, a taxa m\u00e9dia dos bancos pesquisados manteve-se em 7,96% ao m\u00eas, sem altera\u00e7\u00e3o em nenhum dos bancos pesquisados.<\/p>\n<p>Segundo o Procon-SP, as mudan\u00e7as foram promovidas pelos Bancos do Brasil e Bradesco. O Banco do Brasil alterou sua taxa de 5,73% para 5,81%, um acr\u00e9scimo de 0,08 pp, representando uma varia\u00e7\u00e3o positiva de 1,40%. E o Bradesco alterou sua taxa de 7,42% para 7,72%, um acr\u00e9scimo de 0,30 pp, representando uma varia\u00e7\u00e3o positiva de 4,04%.<\/p>\n<p>\u201cO Procon-SP recomenda que o consumidor fique sempre atento ao seu or\u00e7amento. No caso de d\u00edvidas, deve pesquisar formas de obter linhas de cr\u00e9dito ou at\u00e9 mesmo buscar alternativas para negoci\u00e1-las. Uma forma de pagar as d\u00edvidas de cheques especiais e cart\u00e3o de cr\u00e9dito \u00e9 troc\u00e1-las por empr\u00e9stimos consignados, pois eles possuem taxas de juros menores\u201d, diz o Procon-SP.<\/p>\n<p>Fonte: Ag\u00eancia Brasil<\/p>\n","protected":false},"excerpt":{"rendered":"<p>A taxa m\u00e9dia do empr\u00e9stimo pessoal teve varia\u00e7\u00e3o positiva de 0,95% em outubro, segundo a pesquisa de taxa de juros do Procon-SP.\u00a0 Nos seis bancos pesquisados, a taxa m\u00e9dia do cr\u00e9dito pessoal ficou em 6,38% ao m\u00eas, acr\u00e9scimo de 0,06 ponto percentual (pp) em rela\u00e7\u00e3o \u00e0 m\u00e9dia referente ao m\u00eas anterior, que foi de 6,32%, [&hellip;]<\/p>\n","protected":false},"author":246,"featured_media":189906,"comment_status":"closed","ping_status":"closed","sticky":false,"template":"","format":"standard","meta":{"footnotes":""},"categories":[436,261],"tags":[],"class_list":["post-189905","post","type-post","status-publish","format-standard","has-post-thumbnail","hentry","category-destaque-da-semana","category-economia"],"_links":{"self":[{"href":"https:\/\/diarioregionaldigital.com.br\/index.php?rest_route=\/wp\/v2\/posts\/189905","targetHints":{"allow":["GET"]}}],"collection":[{"href":"https:\/\/diarioregionaldigital.com.br\/index.php?rest_route=\/wp\/v2\/posts"}],"about":[{"href":"https:\/\/diarioregionaldigital.com.br\/index.php?rest_route=\/wp\/v2\/types\/post"}],"author":[{"embeddable":true,"href":"https:\/\/diarioregionaldigital.com.br\/index.php?rest_route=\/wp\/v2\/users\/246"}],"replies":[{"embeddable":true,"href":"https:\/\/diarioregionaldigital.com.br\/index.php?rest_route=%2Fwp%2Fv2%2Fcomments&post=189905"}],"version-history":[{"count":1,"href":"https:\/\/diarioregionaldigital.com.br\/index.php?rest_route=\/wp\/v2\/posts\/189905\/revisions"}],"predecessor-version":[{"id":189907,"href":"https:\/\/diarioregionaldigital.com.br\/index.php?rest_route=\/wp\/v2\/posts\/189905\/revisions\/189907"}],"wp:featuredmedia":[{"embeddable":true,"href":"https:\/\/diarioregionaldigital.com.br\/index.php?rest_route=\/wp\/v2\/media\/189906"}],"wp:attachment":[{"href":"https:\/\/diarioregionaldigital.com.br\/index.php?rest_route=%2Fwp%2Fv2%2Fmedia&parent=189905"}],"wp:term":[{"taxonomy":"category","embeddable":true,"href":"https:\/\/diarioregionaldigital.com.br\/index.php?rest_route=%2Fwp%2Fv2%2Fcategories&post=189905"},{"taxonomy":"post_tag","embeddable":true,"href":"https:\/\/diarioregionaldigital.com.br\/index.php?rest_route=%2Fwp%2Fv2%2Ftags&post=189905"}],"curies":[{"name":"wp","href":"https:\/\/api.w.org\/{rel}","templated":true}]}}