{"id":189901,"date":"2021-10-20T14:41:37","date_gmt":"2021-10-20T17:41:37","guid":{"rendered":"https:\/\/diarioregionaldigital.com.br\/?p=189901"},"modified":"2021-10-20T14:41:37","modified_gmt":"2021-10-20T17:41:37","slug":"intencao-de-consumo-das-familias-fica-estavel-em-outubro","status":"publish","type":"post","link":"https:\/\/diarioregionaldigital.com.br\/?p=189901","title":{"rendered":"Inten\u00e7\u00e3o de consumo das fam\u00edlias fica est\u00e1vel em outubro"},"content":{"rendered":"<p>A inten\u00e7\u00e3o de consumo das fam\u00edlias ficou est\u00e1vel na passagem de setembro para outubro deste ano, segundo pesquisa divulgada\u00a0hoje\u00a0(20) pela Confedera\u00e7\u00e3o Nacional do Com\u00e9rcio de Bens, Servi\u00e7os e Turismo (CNC). Com o resultado, o indicador interrompeu uma sequ\u00eancia de quatro altas mensais.<img decoding=\"async\" src=\"https:\/\/agenciabrasil.ebc.com.br\/ebc.png?id=1424993&amp;o=node\" \/><img decoding=\"async\" src=\"https:\/\/agenciabrasil.ebc.com.br\/ebc.gif?id=1424993&amp;o=node\" \/><\/p>\n<p>Em rela\u00e7\u00e3o a outubro do ano passado, no entanto, foi registrada uma alta de 6,6%, a\u00a0quarta\u00a0taxa positiva neste tipo de compara\u00e7\u00e3o.<\/p>\n<p>Na passagem\u00a0de setembro\u00a0para outubro deste ano, apenas dois dos sete componentes do indicador tiveram alta: as avalia\u00e7\u00f5es sobre emprego atual (1,7%) e sobre perspectiva profissional (1,3%). A an\u00e1lise sobre renda atual manteve-se est\u00e1vel nos dois meses.<\/p>\n<p>Por outro lado, quatro componentes tiveram queda\u00a0de setembro\u00a0para outubro: acesso ao cr\u00e9dito (-0,7%), n\u00edvel de consumo atual (-0,4%), perspectiva de consumo (-1,8%) e momento para a compra de bens dur\u00e1veis (-1%).<\/p>\n<p>J\u00e1 na compara\u00e7\u00e3o com outubro do ano passado, tiveram crescimento os componentes de emprego atual (6,4%), perspectiva profissional (6,9%), renda atual (4,3%), n\u00edvel de consumo atual (12,1%) e perspectiva de consumo (19,6%). Dois componentes tiveram queda: momento para dur\u00e1veis (-0,9%) e acesso ao cr\u00e9dito (-1%).<\/p>\n<p><span style=\"font-weight: 400;\">Fonte: Ag\u00eancia Brasil <\/span><\/p>\n","protected":false},"excerpt":{"rendered":"<p>A inten\u00e7\u00e3o de consumo das fam\u00edlias ficou est\u00e1vel na passagem de setembro para outubro deste ano, segundo pesquisa divulgada\u00a0hoje\u00a0(20) pela Confedera\u00e7\u00e3o Nacional do Com\u00e9rcio de Bens, Servi\u00e7os e Turismo (CNC). Com o resultado, o indicador interrompeu uma sequ\u00eancia de quatro altas mensais. Em rela\u00e7\u00e3o a outubro do ano passado, no entanto, foi registrada uma alta [&hellip;]<\/p>\n","protected":false},"author":246,"featured_media":189902,"comment_status":"closed","ping_status":"closed","sticky":false,"template":"","format":"standard","meta":{"footnotes":""},"categories":[436,261],"tags":[],"class_list":["post-189901","post","type-post","status-publish","format-standard","has-post-thumbnail","hentry","category-destaque-da-semana","category-economia"],"_links":{"self":[{"href":"https:\/\/diarioregionaldigital.com.br\/index.php?rest_route=\/wp\/v2\/posts\/189901","targetHints":{"allow":["GET"]}}],"collection":[{"href":"https:\/\/diarioregionaldigital.com.br\/index.php?rest_route=\/wp\/v2\/posts"}],"about":[{"href":"https:\/\/diarioregionaldigital.com.br\/index.php?rest_route=\/wp\/v2\/types\/post"}],"author":[{"embeddable":true,"href":"https:\/\/diarioregionaldigital.com.br\/index.php?rest_route=\/wp\/v2\/users\/246"}],"replies":[{"embeddable":true,"href":"https:\/\/diarioregionaldigital.com.br\/index.php?rest_route=%2Fwp%2Fv2%2Fcomments&post=189901"}],"version-history":[{"count":2,"href":"https:\/\/diarioregionaldigital.com.br\/index.php?rest_route=\/wp\/v2\/posts\/189901\/revisions"}],"predecessor-version":[{"id":189904,"href":"https:\/\/diarioregionaldigital.com.br\/index.php?rest_route=\/wp\/v2\/posts\/189901\/revisions\/189904"}],"wp:featuredmedia":[{"embeddable":true,"href":"https:\/\/diarioregionaldigital.com.br\/index.php?rest_route=\/wp\/v2\/media\/189902"}],"wp:attachment":[{"href":"https:\/\/diarioregionaldigital.com.br\/index.php?rest_route=%2Fwp%2Fv2%2Fmedia&parent=189901"}],"wp:term":[{"taxonomy":"category","embeddable":true,"href":"https:\/\/diarioregionaldigital.com.br\/index.php?rest_route=%2Fwp%2Fv2%2Fcategories&post=189901"},{"taxonomy":"post_tag","embeddable":true,"href":"https:\/\/diarioregionaldigital.com.br\/index.php?rest_route=%2Fwp%2Fv2%2Ftags&post=189901"}],"curies":[{"name":"wp","href":"https:\/\/api.w.org\/{rel}","templated":true}]}}