{"id":189898,"date":"2021-10-20T14:39:04","date_gmt":"2021-10-20T17:39:04","guid":{"rendered":"https:\/\/diarioregionaldigital.com.br\/?p=189898"},"modified":"2021-10-20T14:39:04","modified_gmt":"2021-10-20T17:39:04","slug":"conselho-do-ppi-aprova-modelo-de-privatizacao-da-eletrobras","status":"publish","type":"post","link":"https:\/\/diarioregionaldigital.com.br\/?p=189898","title":{"rendered":"Conselho do PPI aprova modelo de privatiza\u00e7\u00e3o da Eletrobras"},"content":{"rendered":"<p>Os empregados e aposentados da Eletrobras e de suas subsidi\u00e1rias ter\u00e3o prioridade na compra de at\u00e9 10% das a\u00e7\u00f5es no processo de privatiza\u00e7\u00e3o da companhia, definiu hoje (19) o Conselho do Programa de Parcerias de Investimentos (CPPI). O conselho aprovou a resolu\u00e7\u00e3o que define o modelo de desestatiza\u00e7\u00e3o.<\/p>\n<p>Al\u00e9m da prefer\u00eancia para funcion\u00e1rios, o CPPI autorizou que at\u00e9 R$ 6 bilh\u00f5es do Fundo de Garantia do Tempo de Servi\u00e7o (FGTS) sejam usados para pessoas f\u00edsicas comprarem a\u00e7\u00f5es da estatal. Cada investidor individual poder\u00e1 gastar a partir de R$ 200 do saldo da conta do FGTS para adquirir participa\u00e7\u00e3o na empresa.<\/p>\n<p>Tamb\u00e9m ser\u00e1 permitido que qualquer pessoa f\u00edsica residente no Brasil compre indiretamente a\u00e7\u00f5es da Eletrobras por meio de cotas de fundos m\u00fatuos de privatiza\u00e7\u00e3o, que podem ser adquiridas por at\u00e9 50% do saldo da conta no FGTS. Esses fundos re\u00fanem o valor arrecadado e compram pap\u00e9is da estatal de energia.<\/p>\n<p>A privatiza\u00e7\u00e3o ocorrer\u00e1 em duas etapas. Primeiramente, a Eletrobras far\u00e1 um processo de capitaliza\u00e7\u00e3o, emitindo novas a\u00e7\u00f5es que podem ser compradas no mercado prim\u00e1rio, at\u00e9 diluir a participa\u00e7\u00e3o da Uni\u00e3o na empresa. Segundo o CPPI, essa etapa permitir\u00e1 a inje\u00e7\u00e3o de dinheiro de investidores privados na companhia.<\/p>\n<p>Apenas se a participa\u00e7\u00e3o direta e indireta da Uni\u00e3o n\u00e3o cair para menos de 45% ap\u00f3s a oferta prim\u00e1ria de a\u00e7\u00f5es, a Uni\u00e3o vender\u00e1 pap\u00e9is da companhia no mercado secund\u00e1rio, quando a\u00e7\u00f5es j\u00e1 lan\u00e7adas no mercado trocam de donos. Em nota, o CPPI informou que a Uni\u00e3o continuar\u00e1 a ser a principal acionista da Eletrobras, mesmo perdendo a maioria na empresa.<\/p>\n<p>A resolu\u00e7\u00e3o aprovada pelo CPPI obriga a Eletrobras a segregar a usina binacional de Itaipu e a Eletronuclear, para que essas empresas permane\u00e7am estatais, como determinado pela Constitui\u00e7\u00e3o. O texto prev\u00ea diversos atos e contratos para que a Eletronuclear conclua as obras da usina de Angra 3, evitando que os investimentos p\u00fablicos no projeto sejam perdidos.<\/p>\n<p>O Estatuto Social da Eletrobras ser\u00e1 alterado para incentivar a pulveriza\u00e7\u00e3o das a\u00e7\u00f5es da companhia, com mecanismos para impedir que um \u00fanico acionista, ou grupo de acionistas, exer\u00e7a controle sobre a empresa. Segundo o CPPI, os \u00f3rg\u00e3os de administra\u00e7\u00e3o da companhia ser\u00e3o fortalecidos, em linha com o modelo adotado por grandes empresas de energia no exterior.<img decoding=\"async\" src=\"https:\/\/agenciabrasil.ebc.com.br\/ebc.png?id=1424949&amp;o=node\" \/><img decoding=\"async\" src=\"https:\/\/agenciabrasil.ebc.com.br\/ebc.gif?id=1424949&amp;o=node\" \/><\/p>\n<p><strong>Concess\u00e3o de estradas<\/strong><\/p>\n<p>Na reuni\u00e3o de hoje, o Conselho do PPI tamb\u00e9m aprovou a modelagem da concess\u00e3o das BRs 493, 465 e 116, que ligam o Rio de Janeiro a Governador Valadares (MG). A concorr\u00eancia ser\u00e1 pelo crit\u00e9rio de julgamento h\u00edbrido e de descontos tarif\u00e1rios, que d\u00e1 prioridade a quem oferecer mais desconto no ped\u00e1gio, nos moldes da concess\u00e3o da Rodovia Dutra, que liga o Rio a S\u00e3o Paulo.<\/p>\n<p>Os editais ser\u00e3o publicados antes do fim do ano, com o leil\u00e3o previsto para o primeiro trimestre de 2022. Segundo o Minist\u00e9rio da Infraestrutura, a concess\u00e3o abrir\u00e1 caminho para R$ 8,6 bilh\u00f5es de investimentos nos pr\u00f3ximos 30 anos. Atualmente, 269 mil ve\u00edculos trafegam por dia nos 727 quil\u00f4metros da rodovia.<\/p>\n<p><span style=\"font-weight: 400;\">Fonte: Ag\u00eancia Brasil <\/span><\/p>\n","protected":false},"excerpt":{"rendered":"<p>Os empregados e aposentados da Eletrobras e de suas subsidi\u00e1rias ter\u00e3o prioridade na compra de at\u00e9 10% das a\u00e7\u00f5es no processo de privatiza\u00e7\u00e3o da companhia, definiu hoje (19) o Conselho do Programa de Parcerias de Investimentos (CPPI). O conselho aprovou a resolu\u00e7\u00e3o que define o modelo de desestatiza\u00e7\u00e3o. Al\u00e9m da prefer\u00eancia para funcion\u00e1rios, o CPPI [&hellip;]<\/p>\n","protected":false},"author":246,"featured_media":189899,"comment_status":"closed","ping_status":"closed","sticky":false,"template":"","format":"standard","meta":{"footnotes":""},"categories":[436,261],"tags":[],"class_list":["post-189898","post","type-post","status-publish","format-standard","has-post-thumbnail","hentry","category-destaque-da-semana","category-economia"],"_links":{"self":[{"href":"https:\/\/diarioregionaldigital.com.br\/index.php?rest_route=\/wp\/v2\/posts\/189898","targetHints":{"allow":["GET"]}}],"collection":[{"href":"https:\/\/diarioregionaldigital.com.br\/index.php?rest_route=\/wp\/v2\/posts"}],"about":[{"href":"https:\/\/diarioregionaldigital.com.br\/index.php?rest_route=\/wp\/v2\/types\/post"}],"author":[{"embeddable":true,"href":"https:\/\/diarioregionaldigital.com.br\/index.php?rest_route=\/wp\/v2\/users\/246"}],"replies":[{"embeddable":true,"href":"https:\/\/diarioregionaldigital.com.br\/index.php?rest_route=%2Fwp%2Fv2%2Fcomments&post=189898"}],"version-history":[{"count":1,"href":"https:\/\/diarioregionaldigital.com.br\/index.php?rest_route=\/wp\/v2\/posts\/189898\/revisions"}],"predecessor-version":[{"id":189900,"href":"https:\/\/diarioregionaldigital.com.br\/index.php?rest_route=\/wp\/v2\/posts\/189898\/revisions\/189900"}],"wp:featuredmedia":[{"embeddable":true,"href":"https:\/\/diarioregionaldigital.com.br\/index.php?rest_route=\/wp\/v2\/media\/189899"}],"wp:attachment":[{"href":"https:\/\/diarioregionaldigital.com.br\/index.php?rest_route=%2Fwp%2Fv2%2Fmedia&parent=189898"}],"wp:term":[{"taxonomy":"category","embeddable":true,"href":"https:\/\/diarioregionaldigital.com.br\/index.php?rest_route=%2Fwp%2Fv2%2Fcategories&post=189898"},{"taxonomy":"post_tag","embeddable":true,"href":"https:\/\/diarioregionaldigital.com.br\/index.php?rest_route=%2Fwp%2Fv2%2Ftags&post=189898"}],"curies":[{"name":"wp","href":"https:\/\/api.w.org\/{rel}","templated":true}]}}