{"id":189874,"date":"2021-10-19T17:13:22","date_gmt":"2021-10-19T20:13:22","guid":{"rendered":"https:\/\/diarioregionaldigital.com.br\/?p=189874"},"modified":"2021-10-19T17:13:22","modified_gmt":"2021-10-19T20:13:22","slug":"secretaria-de-obras-realiza-129-intervencoes-de-zeladoria","status":"publish","type":"post","link":"https:\/\/diarioregionaldigital.com.br\/?p=189874","title":{"rendered":"Secretaria de Obras realiza 129 interven\u00e7\u00f5es de zeladoria"},"content":{"rendered":"<p>Segundo informa\u00e7\u00f5es do site da Prefeitura de Juiz de Fora, atrav\u00e9s do Gabinete de A\u00e7\u00e3o e Di\u00e1logo Comunit\u00e1rio (GADC), a Secretaria de Obras da PJF promove 129 a\u00e7\u00f5es de melhorias urbanas nesta ter\u00e7a-feira, dia 19, como parte do Projeto Boniteza, que j\u00e1 promoveu 30.454 mil interven\u00e7\u00f5es em toda Juiz de Fora.<\/p>\n<p><b>Obras<\/b><\/p>\n<p>Os Departamentos de Opera\u00e7\u00e3o e Manuten\u00e7\u00e3o em Obras (Domo) e de Estradas Vicinais da Secretaria de Obras (SO) t\u00eam previstas 22 a\u00e7\u00f5es.<\/p>\n<p>Interven\u00e7\u00f5es em continuidade:<br \/>\n-Constru\u00e7\u00e3o de muro de rip-rap &#8211; Rua Nazira Mattar &#8211; Monte Castelo<br \/>\n-Recomposi\u00e7\u00e3o de assentamento de meio-fio (complemento do servi\u00e7o da Rua das Margaridas) &#8211; Rua das \u00c1rvores &#8211; Aeroporto<br \/>\n-Reforma de telhado da SMU &#8211; Avenida Brasil &#8211; Centro<br \/>\n-Reforma de escad\u00e3o &#8211; Rua do Boto \u00e0 Rua Diva Garcia &#8211; Linhares<br \/>\n-Limpeza das bocas de lobo &#8211; Avenida Francisco Bernardino &#8211; Centro<br \/>\n-Desobstru\u00e7\u00e3o de rede pluvial e limpeza de boca de lobo &#8211; Rua Fernando Lamarca &#8211; Distrito Industrial<br \/>\n-Corre\u00e7\u00e3o de eros\u00e3o pluvial &#8211; C\u00f3rrego na Rua Ab\u00edlio Gomes &#8211; Francisco Bernardino<br \/>\n-Lan\u00e7amento de material na estrada &#8211; Estrada de Pirapetinga &#8211; Pirapetinga<br \/>\n-Constru\u00e7\u00e3o de bueiro &#8211; Estrada da Barrinha &#8211; Ros\u00e1rio de Minas<br \/>\n-Lan\u00e7amento de material granular &#8211; Estrada de Sarandira &#8211; Serra do Recreio<\/p>\n<p>Novas interven\u00e7\u00f5es:<br \/>\n-Mobiliza\u00e7\u00e3o de equipe para reforma de passeio na Escola Municipal \u00c1lvaro Lins &#8211; Rua Ant\u00f4nio Jos\u00e9 Cosso &#8211; S\u00e3o Judas Tadeu<br \/>\n-Corre\u00e7\u00e3o de eros\u00e3o pluvial &#8211; Rua Almiro Ribeiro de Toledo &#8211; Jardim de Al\u00e1<br \/>\n-Corre\u00e7\u00e3o de eros\u00e3o pluvial &#8211; Rua Humberto Val\u00e9rio &#8211; Progresso<br \/>\n-Lan\u00e7amento de material fresado &#8211; Rua Bruno Simili e Rua Fernando Lamarca &#8211; Industrial<br \/>\n-Limpeza de boca de lobo &#8211; Rua Sampaio (Esquina Avenida Bar\u00e3o do Rio Branco) &#8211; Centro<br \/>\n-Limpeza de boca de lobo &#8211; Rua Bar\u00e3o de Santa Helena (com Rua Sampaio) &#8211; Centro<br \/>\n-Limpeza de boca de lobo &#8211; Rua Santo Ant\u00f4nio com Rua Floriano Peixoto &#8211; Centro<br \/>\n-Limpeza de boca de lobo &#8211; Rua Santo Ant\u00f4nio com Rua Silva Jardim &#8211; Centro<br \/>\n-Lan\u00e7amento de material granular &#8211; Estrada da Varginha &#8211; Estrada da Varginha<br \/>\n-Servi\u00e7o de ro\u00e7ada &#8211; Estrada Principal BR-267 \u00e0 Toledos &#8211; Toledos<br \/>\n-Transporte de material para execu\u00e7\u00e3o de servi\u00e7o &#8211; Estrada da Lagoa &#8211; Estrada da Lagoa<br \/>\n-Lan\u00e7amento de material em pontos cr\u00edticos &#8211; Morro da Mandioca &#8211; Ros\u00e1rio de Minas<\/p>\n<p><b>Ilumina\u00e7\u00e3o P\u00fablica<\/b><\/p>\n<p>O departamento de Ilumina\u00e7\u00e3o P\u00fablica da PJF tem prevista a manuten\u00e7\u00e3o de 107 l\u00e2mpadas em todas as regi\u00f5es.<\/p>\n<p>-Centro<br \/>\nAvenida Bar\u00e3o do Rio Branco<\/p>\n<p>-Santa Cec\u00edlia<br \/>\nRua Melo Franco<\/p>\n<p>-Bom Pastor<br \/>\nRua Doutor Delorme de Carvalho<\/p>\n<p>-Alto dos Passos<br \/>\nAvenida Bar\u00e3o do Rio Branco<\/p>\n<p>-Tr\u00eas Moinhos<br \/>\nRua Jos\u00e9 Luiz Flores<br \/>\nRua A<\/p>\n<p>-Bom Jardim<br \/>\nRua Sebasti\u00e3o Clemente Pereira<br \/>\nRua Mauro Pereira de Almeida<br \/>\nRua Ad\u00e9lia Ferreira Rocha<br \/>\nRua Henrique Miranda S\u00e1<\/p>\n<p>-Linhares<br \/>\nRua Professor Aguiar J\u00fanior<\/p>\n<p>-Quintas das Avenidas<br \/>\nRua Silvestre Cupertino Rodrigues<\/p>\n<p>-Santa C\u00e2ndida<br \/>\nRua Jorge Raimundo<\/p>\n<p>-Nossa Senhora Aparecida<br \/>\nRua Ant\u00f4nio Meurer<\/p>\n<p>-Graja\u00fa<br \/>\nRua C\u00e2ndido Portinari<\/p>\n<p>-Santa Rita de C\u00e1ssia<br \/>\nRua Jos\u00e9 Vicente<br \/>\nRua Wandeir Soares Nogueira<\/p>\n<p>-Bosque dos Pinheiros<br \/>\nRua Carlita Assis Pereira<\/p>\n<p>-Marumbi<br \/>\nRua Silvestre de Ara\u00fajo Porto<\/p>\n<p>-Filgueiras<br \/>\nRua Ven\u00e2ncio Bessa Leite<br \/>\nAvenida Fl\u00f3rida<br \/>\nRua Jos\u00e9 Abdo Hallack<br \/>\nRua das Quaresmeiras (Terras do Comendador)<br \/>\nRua Jos\u00e9 Pita de Castro<br \/>\nRua Pata de Vaca (Terras do Comendador)<br \/>\nRua Diretora Josefina Mendes Sasso<br \/>\nRua Ven\u00e2ncio Bessa Leite<\/p>\n<p>-Parque Independ\u00eancia<br \/>\nRua Manoel Jos\u00e9 de Paula<br \/>\nRua dos Imigrantes Italianos<br \/>\nRua \u00cdtalo Marioni<br \/>\nRua das Flores<\/p>\n<p>-Parque Guarani<br \/>\nRua Senador M\u00edlton Campos<br \/>\nAvenida Juiz de Fora<\/p>\n<p>-Granjas Beth\u00e2nia<br \/>\nRua Salvador R. Canavio<br \/>\nRua Otac\u00edlio Esteves da Silva<\/p>\n<p>-Vale dos Pe\u00f5es<br \/>\nRua Orlando Riani<\/p>\n<p>-Terras do Comendador<br \/>\nRua Sem Denomina\u00e7\u00e3o<\/p>\n<p>-Grama<br \/>\nRua Diomar Monteiro<br \/>\nAvenida Orlando Riani<\/p>\n<p>-Vila Montanhesa<br \/>\nRua Irm\u00e3 Maria Jos\u00e9 da Mota<\/p>\n<p>-Nova Era<br \/>\nGeneral Almerindo de Almeida Gomes<\/p>\n<p>-Esplanada<br \/>\nRua Bias Fortes<br \/>\nRua Mamede Camilo<\/p>\n<p>-Distrito Industrial<br \/>\nRua Bruno Simili<br \/>\nBR-040 &#8211; Km 777<\/p>\n<p>-J\u00f3quei Clube I<br \/>\nRua Detetive Jos\u00e9 Felippe<br \/>\nRua Major Jos\u00e9 Teixeira<\/p>\n<p>-J\u00f3quei Clube II<br \/>\nAvenida Ant\u00f4nio Guimar\u00e3es Peralva<\/p>\n<p>-Cer\u00e2mica<br \/>\nRua Doutor Norberto Gerhein<\/p>\n<p>-Santa Cruz<br \/>\nRua \u00c1lvaro Cruz<\/p>\n<p>-Milho Branco<br \/>\nRua Omar Baptista de Oliveira<\/p>\n<p>-Jardim Natal<br \/>\nRua Tenente Lucas Drumond<\/p>\n<p>-Barbosa Lage<br \/>\nRua Senhorinha Pires<\/p>\n<p>-Francisco Bernardino<br \/>\nRua The\u00f3filo Tertuliano da Silva<\/p>\n<p>-Recanto do Sol<br \/>\nRua dos Jasmins<\/p>\n<p>-Vila Esperan\u00e7a<br \/>\nRua Ant\u00f4nio Sim\u00e3o Firjam<\/p>\n<p>-Santo Ant\u00f4nio<br \/>\nRua Augusto Viriato Campos<br \/>\nRua dos Vencedores<br \/>\nRua Pedro Trogo<br \/>\nRua Francisco Pereira<br \/>\nRua Luiz Fellet<\/p>\n<p>-Floresta<br \/>\nRua B (Condom\u00ednio Florestinha)<br \/>\nAlameda do Cedro<br \/>\nRua Afonso Henrique Botti<\/p>\n<p>-Costa Carvalho<br \/>\nAvenida Sete de Setembro<br \/>\nRua Cristiano Becker<br \/>\nRua S\u00e3o Geraldo<br \/>\nRua Maur\u00edcio Menezes<br \/>\nRua Santa Clara<\/p>\n<p>-Vila Ozanan<br \/>\nRua An\u00edbal Paiva Garcia<\/p>\n<p>-Parque Jardim Burnier<br \/>\nRua Natalino Jos\u00e9 de Paula<\/p>\n<p>-Nossa Senhora de Lourdes<br \/>\nRua Hor\u00e1cio de Mello Brand\u00e3o<\/p>\n<p>-JK<br \/>\nRua Francisco Gon\u00e7alo de Faria<\/p>\n<p>-Lourdes (Residencial S\u00e3o Carlos)<br \/>\nRua Doutor Pl\u00e1cido de Magalh\u00e3es Gomes<\/p>\n<p>-Bar\u00e3o do Retiro<br \/>\nRua Doutor Saulo Vilela<br \/>\nRua Aladim Silva<\/p>\n<p>-Furtado de Menezes<br \/>\nRua Doutor Alberto Surek<\/p>\n<p>-Ipiranga<br \/>\nRua Marciano Pinto<\/p>\n<p><b>Gabinete de A\u00e7\u00e3o e Di\u00e1logo Comunit\u00e1rio<\/b><\/p>\n<p>As a\u00e7\u00f5es da Secretaria de Obras s\u00e3o realizadas atrav\u00e9s do Gabinete de A\u00e7\u00e3o e Di\u00e1logo Comunit\u00e1rio, que recebe demandas de melhorias urbanas pelo n\u00famero (32) 3690-7241, por liga\u00e7\u00e3o ou WhatsApp.<\/p>\n<p>No\u00a0<a href=\"https:\/\/www.pjf.mg.gov.br\/gabinetecomunitario\/\"><b>site do gabinete<\/b><\/a>, est\u00e3o dispon\u00edveis informa\u00e7\u00f5es atualizadas diariamente sobre os servi\u00e7os realizados pelas secretarias de Obras (SO); de Sustentabilidade em Meio Ambiente e Atividades Urbanas (Sesmaur); de Mobilidade Urbana (SMU); e pela Empresa Municipal de Pavimenta\u00e7\u00e3o e Urbaniza\u00e7\u00e3o (Empav); Departamento Municipal de Limpeza Urbana (Demlurb); e Companhia de Saneamento Municipal (Cesama).<\/p>\n","protected":false},"excerpt":{"rendered":"<p>Segundo informa\u00e7\u00f5es do site da Prefeitura de Juiz de Fora, atrav\u00e9s do Gabinete de A\u00e7\u00e3o e Di\u00e1logo Comunit\u00e1rio (GADC), a Secretaria de Obras da PJF promove 129 a\u00e7\u00f5es de melhorias urbanas nesta ter\u00e7a-feira, dia 19, como parte do Projeto Boniteza, que j\u00e1 promoveu 30.454 mil interven\u00e7\u00f5es em toda Juiz de Fora. Obras Os Departamentos de [&hellip;]<\/p>\n","protected":false},"author":246,"featured_media":189875,"comment_status":"closed","ping_status":"closed","sticky":false,"template":"","format":"standard","meta":{"footnotes":""},"categories":[253,436],"tags":[],"class_list":["post-189874","post","type-post","status-publish","format-standard","has-post-thumbnail","hentry","category-cidade","category-destaque-da-semana"],"_links":{"self":[{"href":"https:\/\/diarioregionaldigital.com.br\/index.php?rest_route=\/wp\/v2\/posts\/189874","targetHints":{"allow":["GET"]}}],"collection":[{"href":"https:\/\/diarioregionaldigital.com.br\/index.php?rest_route=\/wp\/v2\/posts"}],"about":[{"href":"https:\/\/diarioregionaldigital.com.br\/index.php?rest_route=\/wp\/v2\/types\/post"}],"author":[{"embeddable":true,"href":"https:\/\/diarioregionaldigital.com.br\/index.php?rest_route=\/wp\/v2\/users\/246"}],"replies":[{"embeddable":true,"href":"https:\/\/diarioregionaldigital.com.br\/index.php?rest_route=%2Fwp%2Fv2%2Fcomments&post=189874"}],"version-history":[{"count":1,"href":"https:\/\/diarioregionaldigital.com.br\/index.php?rest_route=\/wp\/v2\/posts\/189874\/revisions"}],"predecessor-version":[{"id":189876,"href":"https:\/\/diarioregionaldigital.com.br\/index.php?rest_route=\/wp\/v2\/posts\/189874\/revisions\/189876"}],"wp:featuredmedia":[{"embeddable":true,"href":"https:\/\/diarioregionaldigital.com.br\/index.php?rest_route=\/wp\/v2\/media\/189875"}],"wp:attachment":[{"href":"https:\/\/diarioregionaldigital.com.br\/index.php?rest_route=%2Fwp%2Fv2%2Fmedia&parent=189874"}],"wp:term":[{"taxonomy":"category","embeddable":true,"href":"https:\/\/diarioregionaldigital.com.br\/index.php?rest_route=%2Fwp%2Fv2%2Fcategories&post=189874"},{"taxonomy":"post_tag","embeddable":true,"href":"https:\/\/diarioregionaldigital.com.br\/index.php?rest_route=%2Fwp%2Fv2%2Ftags&post=189874"}],"curies":[{"name":"wp","href":"https:\/\/api.w.org\/{rel}","templated":true}]}}