{"id":189871,"date":"2021-10-19T17:11:10","date_gmt":"2021-10-19T20:11:10","guid":{"rendered":"https:\/\/diarioregionaldigital.com.br\/?p=189871"},"modified":"2021-10-19T17:11:10","modified_gmt":"2021-10-19T20:11:10","slug":"defesa-civil-emite-alerta-para-juiz-de-fora","status":"publish","type":"post","link":"https:\/\/diarioregionaldigital.com.br\/?p=189871","title":{"rendered":"Defesa Civil emite alerta para Juiz de Fora"},"content":{"rendered":"<p>Com as chuvas cont\u00ednuas em Juiz de Fora, a Defesa Civil emitiu alerta indicando o aumento do risco de alagamentos e deslizamento de encostas. De acordo com dados do Instituto Nacional de Meteorologia (Inmet), \u00e9 prevista chuva de 30 a 60 mm por hora ou de 50 a 100 mm por dia. O alerta foi emitido na noite desta segunda-feira, 18, e \u00e9 v\u00e1lido at\u00e9 \u00e0s 18h da pr\u00f3xima quarta-feira, 20.<\/p>\n<p>Segundo informa\u00e7\u00f5es do site da Prefeitura de Juiz de Fora, a gerente do Departamento de Preven\u00e7\u00e3o e Atividades Intersetoriais (Dpai) da Defesa Civil, Camila Galv\u00e3o, ressalta que o alerta \u00e9 em fun\u00e7\u00e3o do acumulado de chuvas em Juiz de Fora. \u201cAs chuvas que atingiram o munic\u00edpio nos \u00faltimos dias deixaram o solo encharcado, o que aumenta a possibilidade de deslizamentos. Tamb\u00e9m \u00e9 maior a probabilidade de registro de alagamentos, que precisam implantar ou remodelar dispositivos de drenagem\u201d, explica.<\/p>\n<p>Com rela\u00e7\u00e3o \u00e0 drenagem pluvial em Juiz de Fora, tramita na C\u00e2mara Municipal o projeto de lei que estabelece o fundo de drenagem. Este projeto foi elaborado em fun\u00e7\u00e3o do novo marco legal federal sobre saneamento b\u00e1sico, implementado pela Lei Federal 14.026, de 15 de julho de 2020. Caso seja aprovado pelos vereadores, \u00e9 atrav\u00e9s desse projeto que ser\u00e1 garantido o investimento em a\u00e7\u00f5es para reter enchentes, alagamentos, fazer a deten\u00e7\u00e3o ou vaz\u00e3o de cheias, tratamento e disposi\u00e7\u00e3o final das \u00e1guas pluviais drenadas e contemplar a limpeza, manuten\u00e7\u00e3o e a fiscaliza\u00e7\u00e3o preventiva e corretiva das redes pluviais.<\/p>\n","protected":false},"excerpt":{"rendered":"<p>Com as chuvas cont\u00ednuas em Juiz de Fora, a Defesa Civil emitiu alerta indicando o aumento do risco de alagamentos e deslizamento de encostas. De acordo com dados do Instituto Nacional de Meteorologia (Inmet), \u00e9 prevista chuva de 30 a 60 mm por hora ou de 50 a 100 mm por dia. O alerta foi [&hellip;]<\/p>\n","protected":false},"author":246,"featured_media":189872,"comment_status":"closed","ping_status":"closed","sticky":false,"template":"","format":"standard","meta":{"footnotes":""},"categories":[253,436],"tags":[],"class_list":["post-189871","post","type-post","status-publish","format-standard","has-post-thumbnail","hentry","category-cidade","category-destaque-da-semana"],"_links":{"self":[{"href":"https:\/\/diarioregionaldigital.com.br\/index.php?rest_route=\/wp\/v2\/posts\/189871","targetHints":{"allow":["GET"]}}],"collection":[{"href":"https:\/\/diarioregionaldigital.com.br\/index.php?rest_route=\/wp\/v2\/posts"}],"about":[{"href":"https:\/\/diarioregionaldigital.com.br\/index.php?rest_route=\/wp\/v2\/types\/post"}],"author":[{"embeddable":true,"href":"https:\/\/diarioregionaldigital.com.br\/index.php?rest_route=\/wp\/v2\/users\/246"}],"replies":[{"embeddable":true,"href":"https:\/\/diarioregionaldigital.com.br\/index.php?rest_route=%2Fwp%2Fv2%2Fcomments&post=189871"}],"version-history":[{"count":1,"href":"https:\/\/diarioregionaldigital.com.br\/index.php?rest_route=\/wp\/v2\/posts\/189871\/revisions"}],"predecessor-version":[{"id":189873,"href":"https:\/\/diarioregionaldigital.com.br\/index.php?rest_route=\/wp\/v2\/posts\/189871\/revisions\/189873"}],"wp:featuredmedia":[{"embeddable":true,"href":"https:\/\/diarioregionaldigital.com.br\/index.php?rest_route=\/wp\/v2\/media\/189872"}],"wp:attachment":[{"href":"https:\/\/diarioregionaldigital.com.br\/index.php?rest_route=%2Fwp%2Fv2%2Fmedia&parent=189871"}],"wp:term":[{"taxonomy":"category","embeddable":true,"href":"https:\/\/diarioregionaldigital.com.br\/index.php?rest_route=%2Fwp%2Fv2%2Fcategories&post=189871"},{"taxonomy":"post_tag","embeddable":true,"href":"https:\/\/diarioregionaldigital.com.br\/index.php?rest_route=%2Fwp%2Fv2%2Ftags&post=189871"}],"curies":[{"name":"wp","href":"https:\/\/api.w.org\/{rel}","templated":true}]}}