{"id":189868,"date":"2021-10-19T17:08:22","date_gmt":"2021-10-19T20:08:22","guid":{"rendered":"https:\/\/diarioregionaldigital.com.br\/?p=189868"},"modified":"2021-10-19T17:08:22","modified_gmt":"2021-10-19T20:08:22","slug":"smu-atua-com-servicos-de-sinalizacao-em-diversas-regioes-da-cidade","status":"publish","type":"post","link":"https:\/\/diarioregionaldigital.com.br\/?p=189868","title":{"rendered":"SMU atua com servi\u00e7os de sinaliza\u00e7\u00e3o em diversas regi\u00f5es da cidade"},"content":{"rendered":"<p>A Secretaria de Mobilidade Urbana (SMU) da Prefeitura de Juiz de Fora (PJF) realiza, entre esta ter\u00e7a e sexta-feira, dos dias 19 a 22, o servi\u00e7o de sinaliza\u00e7\u00e3o horizontal e sinaliza\u00e7\u00e3o vertical em diversos pontos da cidade. Refor\u00e7ando que, em caso de chuva, os servi\u00e7os podem ser alterados ou adiados por falta de condi\u00e7\u00f5es t\u00e9cnicas.<\/p>\n<p>Segundo informa\u00e7\u00f5es do site da Prefeitura de Juiz de Fora, entre os dias 19 e 22, a equipe da SMU estar\u00e1 presente na Avenida Francisco Bernardino, no Centro, com os servi\u00e7os de sinaliza\u00e7\u00e3o horizontal e vertical. Na quinta-feira, 21, al\u00e9m da Avenida Francisco Bernardino, os Bairros Santo Ant\u00f4nio (Alameda Ilva Melo Reis), Santa Tereza (Rua Prof. Elias Jos\u00e9 Feres e Rua Dr. Edgar Carlos Pereira), Floresta (Rua Cel. Assis) e S\u00e3o Dimas (Rua Bernardo Mascarenhas) ser\u00e3o contemplados com o servi\u00e7o de sinaliza\u00e7\u00e3o vertical.<\/p>\n<p>Finalizando a semana, na sexta-feira, 22, a equipe ir\u00e1 atuar tamb\u00e9m no Bairro Vila Ideal (Rua Ab\u00edlio de Abreu e Rua Alexandre Joaquim Siqueira) com o servi\u00e7o de sinaliza\u00e7\u00e3o vertical.<\/p>\n<p>Todos os servi\u00e7os realizados s\u00e3o atendimentos das solicita\u00e7\u00f5es da popula\u00e7\u00e3o atrav\u00e9s do novo sistema de atendimento da PJF, o \u201cPrefeitura \u00c1gil\u201d.<\/p>\n","protected":false},"excerpt":{"rendered":"<p>A Secretaria de Mobilidade Urbana (SMU) da Prefeitura de Juiz de Fora (PJF) realiza, entre esta ter\u00e7a e sexta-feira, dos dias 19 a 22, o servi\u00e7o de sinaliza\u00e7\u00e3o horizontal e sinaliza\u00e7\u00e3o vertical em diversos pontos da cidade. Refor\u00e7ando que, em caso de chuva, os servi\u00e7os podem ser alterados ou adiados por falta de condi\u00e7\u00f5es t\u00e9cnicas. [&hellip;]<\/p>\n","protected":false},"author":246,"featured_media":189869,"comment_status":"closed","ping_status":"closed","sticky":false,"template":"","format":"standard","meta":{"footnotes":""},"categories":[253,436],"tags":[],"class_list":["post-189868","post","type-post","status-publish","format-standard","has-post-thumbnail","hentry","category-cidade","category-destaque-da-semana"],"_links":{"self":[{"href":"https:\/\/diarioregionaldigital.com.br\/index.php?rest_route=\/wp\/v2\/posts\/189868","targetHints":{"allow":["GET"]}}],"collection":[{"href":"https:\/\/diarioregionaldigital.com.br\/index.php?rest_route=\/wp\/v2\/posts"}],"about":[{"href":"https:\/\/diarioregionaldigital.com.br\/index.php?rest_route=\/wp\/v2\/types\/post"}],"author":[{"embeddable":true,"href":"https:\/\/diarioregionaldigital.com.br\/index.php?rest_route=\/wp\/v2\/users\/246"}],"replies":[{"embeddable":true,"href":"https:\/\/diarioregionaldigital.com.br\/index.php?rest_route=%2Fwp%2Fv2%2Fcomments&post=189868"}],"version-history":[{"count":1,"href":"https:\/\/diarioregionaldigital.com.br\/index.php?rest_route=\/wp\/v2\/posts\/189868\/revisions"}],"predecessor-version":[{"id":189870,"href":"https:\/\/diarioregionaldigital.com.br\/index.php?rest_route=\/wp\/v2\/posts\/189868\/revisions\/189870"}],"wp:featuredmedia":[{"embeddable":true,"href":"https:\/\/diarioregionaldigital.com.br\/index.php?rest_route=\/wp\/v2\/media\/189869"}],"wp:attachment":[{"href":"https:\/\/diarioregionaldigital.com.br\/index.php?rest_route=%2Fwp%2Fv2%2Fmedia&parent=189868"}],"wp:term":[{"taxonomy":"category","embeddable":true,"href":"https:\/\/diarioregionaldigital.com.br\/index.php?rest_route=%2Fwp%2Fv2%2Fcategories&post=189868"},{"taxonomy":"post_tag","embeddable":true,"href":"https:\/\/diarioregionaldigital.com.br\/index.php?rest_route=%2Fwp%2Fv2%2Ftags&post=189868"}],"curies":[{"name":"wp","href":"https:\/\/api.w.org\/{rel}","templated":true}]}}