{"id":189865,"date":"2021-10-19T17:05:36","date_gmt":"2021-10-19T20:05:36","guid":{"rendered":"https:\/\/diarioregionaldigital.com.br\/?p=189865"},"modified":"2021-10-19T17:05:36","modified_gmt":"2021-10-19T20:05:36","slug":"prefeitura-divulga-nota-tecnica-do-programa-juiz-de-fora-viva","status":"publish","type":"post","link":"https:\/\/diarioregionaldigital.com.br\/?p=189865","title":{"rendered":"Prefeitura divulga Nota T\u00e9cnica do programa Juiz de Fora Viva"},"content":{"rendered":"<div id=\"box_texto_noticia\">Juiz de Fora atingiu, nesta segunda-feira, 18, a marca de 60% da popula\u00e7\u00e3o completamente imunizada. Com isso, a capacidade de ocupa\u00e7\u00e3o dos espa\u00e7os de eventos passa a ser de 60% na cidade. A realiza\u00e7\u00e3o de eventos est\u00e1 permitida entre 8h e 5h.<\/p>\n<p>Segundo informa\u00e7\u00f5es do site da Prefeitura de Juiz de Fora, de acordo com Nota T\u00e9cnica divulgada pela Secretaria de Desenvolvimento Sustent\u00e1vel e Inclusivo, da Inova\u00e7\u00e3o e Competitividade (Sedic) nesta segunda-feira, 18, os estabelecimentos que operam como bar at\u00e9 1h, e como casa noturna, a partir desse hor\u00e1rio, devem fornecer pulseiras com data e identifica\u00e7\u00e3o para quem tem vacina\u00e7\u00e3o completa. Os clientes que n\u00e3o tiverem vacina\u00e7\u00e3o completa, devem deixar o estabelecimento at\u00e9 1h. A inobserv\u00e2ncia deste procedimento acarretar\u00e1 ao estabelecimento as puni\u00e7\u00f5es previstas no C\u00f3digo de Posturas Municipal.<\/p>\n<p>A nota ratifica, ainda, que \u00e9 de responsabilidade dos promotores de eventos zelar pelas condi\u00e7\u00f5es necess\u00e1rias para o controle da apresenta\u00e7\u00e3o de comprovantes vacinais e documento de identifica\u00e7\u00e3o individual com foto, na entrada dos espa\u00e7os, sem promover aglomera\u00e7\u00f5es, e pelo atendimento \u00e0s medidas de prote\u00e7\u00e3o, bem como disponibilizar \u00e0s autoridades municipais a documenta\u00e7\u00e3o comprobat\u00f3ria da imuniza\u00e7\u00e3o de seus clientes e funcion\u00e1rios.<\/p>\n<p><b>Vans escolares<\/b><\/p>\n<p>Com a volta \u00e0s aulas, em nota t\u00e9cnica divulgada nesta segunda-feira, a Prefeitura esclarece que a circula\u00e7\u00e3o de vans escolares est\u00e1 liberada para o transporte de alunos no munic\u00edpio. Outras medidas obrigat\u00f3rias est\u00e3o dispon\u00edveis no\u00a0<a href=\"https:\/\/covid19.pjf.mg.gov.br\/arquivos\/regulamento-jf-viva.pdf\"><b>portal oficial da Prefeitura de Juiz de Fora<\/b><\/a><\/p>\n<p><b>Padarias<\/b><\/p>\n<p>Padarias que tenham justificado interesse em funcionar em hor\u00e1rio integral dever\u00e3o se inscrever na Secretaria de Sustentabilidade em Meio Ambiente e Atividades Urbanas (Sesmaur) para operarem em tais condi\u00e7\u00f5es, na Etapa 1 do \u201cPrograma Juiz de Fora Viva\u201d, atrav\u00e9s de formul\u00e1rio pr\u00f3prio,<br \/>\n<a href=\"https:\/\/docs.google.com\/forms\/d\/e\/1FAIpQLSdLMt558zoKmgx6_YOExsX0DxUbhrt6LbyDE3XMpdey6qS3ew\/viewform\"><b>preenchido on-line no endere\u00e7o.<\/b><\/a><\/p>\n<p><b>Confira a nota T\u00e9cnica em documento anexo.<\/p>\n<p><\/b><\/div>\n<div class=\"texto_anexo\"><img loading=\"lazy\" decoding=\"async\" src=\"https:\/\/www.pjf.mg.gov.br\/imagens\/clips.jpg\" width=\"22\" height=\"20\" \/>\u00a0<a href=\"https:\/\/www.pjf.mg.gov.br\/noticias\/anexo\/1810_sedic.pdf\" target=\"_blank\" rel=\"noopener\">Veja o anexo<\/a><\/p>\n<\/div>\n","protected":false},"excerpt":{"rendered":"<p>Juiz de Fora atingiu, nesta segunda-feira, 18, a marca de 60% da popula\u00e7\u00e3o completamente imunizada. Com isso, a capacidade de ocupa\u00e7\u00e3o dos espa\u00e7os de eventos passa a ser de 60% na cidade. A realiza\u00e7\u00e3o de eventos est\u00e1 permitida entre 8h e 5h. Segundo informa\u00e7\u00f5es do site da Prefeitura de Juiz de Fora, de acordo com [&hellip;]<\/p>\n","protected":false},"author":246,"featured_media":189866,"comment_status":"closed","ping_status":"closed","sticky":false,"template":"","format":"standard","meta":{"footnotes":""},"categories":[253,436,440],"tags":[],"class_list":["post-189865","post","type-post","status-publish","format-standard","has-post-thumbnail","hentry","category-cidade","category-destaque-da-semana","category-destaques-do-dia"],"_links":{"self":[{"href":"https:\/\/diarioregionaldigital.com.br\/index.php?rest_route=\/wp\/v2\/posts\/189865","targetHints":{"allow":["GET"]}}],"collection":[{"href":"https:\/\/diarioregionaldigital.com.br\/index.php?rest_route=\/wp\/v2\/posts"}],"about":[{"href":"https:\/\/diarioregionaldigital.com.br\/index.php?rest_route=\/wp\/v2\/types\/post"}],"author":[{"embeddable":true,"href":"https:\/\/diarioregionaldigital.com.br\/index.php?rest_route=\/wp\/v2\/users\/246"}],"replies":[{"embeddable":true,"href":"https:\/\/diarioregionaldigital.com.br\/index.php?rest_route=%2Fwp%2Fv2%2Fcomments&post=189865"}],"version-history":[{"count":1,"href":"https:\/\/diarioregionaldigital.com.br\/index.php?rest_route=\/wp\/v2\/posts\/189865\/revisions"}],"predecessor-version":[{"id":189867,"href":"https:\/\/diarioregionaldigital.com.br\/index.php?rest_route=\/wp\/v2\/posts\/189865\/revisions\/189867"}],"wp:featuredmedia":[{"embeddable":true,"href":"https:\/\/diarioregionaldigital.com.br\/index.php?rest_route=\/wp\/v2\/media\/189866"}],"wp:attachment":[{"href":"https:\/\/diarioregionaldigital.com.br\/index.php?rest_route=%2Fwp%2Fv2%2Fmedia&parent=189865"}],"wp:term":[{"taxonomy":"category","embeddable":true,"href":"https:\/\/diarioregionaldigital.com.br\/index.php?rest_route=%2Fwp%2Fv2%2Fcategories&post=189865"},{"taxonomy":"post_tag","embeddable":true,"href":"https:\/\/diarioregionaldigital.com.br\/index.php?rest_route=%2Fwp%2Fv2%2Ftags&post=189865"}],"curies":[{"name":"wp","href":"https:\/\/api.w.org\/{rel}","templated":true}]}}