{"id":189862,"date":"2021-10-19T17:00:06","date_gmt":"2021-10-19T20:00:06","guid":{"rendered":"https:\/\/diarioregionaldigital.com.br\/?p=189862"},"modified":"2021-10-19T17:00:06","modified_gmt":"2021-10-19T20:00:06","slug":"pequim-2022-organizadores-recebem-chama-olimpica-em-meio-a-protestos","status":"publish","type":"post","link":"https:\/\/diarioregionaldigital.com.br\/?p=189862","title":{"rendered":"Pequim 2022: organizadores recebem chama ol\u00edmpica em meio a protestos"},"content":{"rendered":"<p>Os organizadores da Olimp\u00edada de Inverno de Pequim de 2022 receberam a chama ol\u00edmpica nesta ter\u00e7a-feira (19) em um est\u00e1dio Panatenaico fortemente protegido no centro de Atenas enquanto ativistas dos direitos humanos pediam um boicote dos Jogos em rea\u00e7\u00e3o ao hist\u00f3rico de direitos humanos da China.<\/p>\n<p>Em uma cerim\u00f4nia curta dentro do est\u00e1dio vazio que sediou a primeira Olimp\u00edada moderna em 1896, o vice-presidente dos Jogos de Pequim, Yu Zaiqing, acendeu uma pequena lanterna vermelha com a chama acesa no domingo (17) na Antiga Ol\u00edmpia, sede dos Jogos do passado.<\/p>\n<p>A lanterna chegar\u00e1 \u00e0 capital chinesa nesta quarta-feira (20), dando in\u00edcio a um revezamento dom\u00e9stico da tocha que termina com a cerim\u00f4nia de abertura dos Jogos no dia 4 de fevereiro, quando Pequim se tornar\u00e1 a primeira cidade a sediar as Olimp\u00edadas de Ver\u00e3o e de Inverno.<\/p>\n<p>&#8220;Como s\u00edmbolo do esp\u00edrito ol\u00edmpico, a chama ol\u00edmpica viajar\u00e1 pela Grande Muralha e atrav\u00e9s de outras partes da China, levando com ela a luz da paz e da amizade&#8221;, disse Yu. &#8220;Vamos nos reunir no encontro do gelo e da neve; vamos correr rumo a um futuro compartilhado mais brilhante. Esperamos nos reunir com voc\u00eas em Pequim para os Jogos Ol\u00edmpicos de Inverno de 2022&#8221;, disse.<\/p>\n<p>A pol\u00edcia grega interditou o acesso ao est\u00e1dio horas antes e o cercou com um n\u00famero grande de seguran\u00e7as por medo de mais protestos, j\u00e1 que ativistas tibetanos romperam um cord\u00e3o de isolamento policial na Antiga Ol\u00edmpia para se manifestar justamente quando a chama ol\u00edmpica foi acesa.<\/p>\n<p><span style=\"font-weight: 400;\">Fonte: Ag\u00eancia Brasil <\/span><\/p>\n","protected":false},"excerpt":{"rendered":"<p>Os organizadores da Olimp\u00edada de Inverno de Pequim de 2022 receberam a chama ol\u00edmpica nesta ter\u00e7a-feira (19) em um est\u00e1dio Panatenaico fortemente protegido no centro de Atenas enquanto ativistas dos direitos humanos pediam um boicote dos Jogos em rea\u00e7\u00e3o ao hist\u00f3rico de direitos humanos da China. Em uma cerim\u00f4nia curta dentro do est\u00e1dio vazio que [&hellip;]<\/p>\n","protected":false},"author":246,"featured_media":189863,"comment_status":"closed","ping_status":"closed","sticky":false,"template":"","format":"standard","meta":{"footnotes":""},"categories":[436,257],"tags":[],"class_list":["post-189862","post","type-post","status-publish","format-standard","has-post-thumbnail","hentry","category-destaque-da-semana","category-esporte"],"_links":{"self":[{"href":"https:\/\/diarioregionaldigital.com.br\/index.php?rest_route=\/wp\/v2\/posts\/189862","targetHints":{"allow":["GET"]}}],"collection":[{"href":"https:\/\/diarioregionaldigital.com.br\/index.php?rest_route=\/wp\/v2\/posts"}],"about":[{"href":"https:\/\/diarioregionaldigital.com.br\/index.php?rest_route=\/wp\/v2\/types\/post"}],"author":[{"embeddable":true,"href":"https:\/\/diarioregionaldigital.com.br\/index.php?rest_route=\/wp\/v2\/users\/246"}],"replies":[{"embeddable":true,"href":"https:\/\/diarioregionaldigital.com.br\/index.php?rest_route=%2Fwp%2Fv2%2Fcomments&post=189862"}],"version-history":[{"count":1,"href":"https:\/\/diarioregionaldigital.com.br\/index.php?rest_route=\/wp\/v2\/posts\/189862\/revisions"}],"predecessor-version":[{"id":189864,"href":"https:\/\/diarioregionaldigital.com.br\/index.php?rest_route=\/wp\/v2\/posts\/189862\/revisions\/189864"}],"wp:featuredmedia":[{"embeddable":true,"href":"https:\/\/diarioregionaldigital.com.br\/index.php?rest_route=\/wp\/v2\/media\/189863"}],"wp:attachment":[{"href":"https:\/\/diarioregionaldigital.com.br\/index.php?rest_route=%2Fwp%2Fv2%2Fmedia&parent=189862"}],"wp:term":[{"taxonomy":"category","embeddable":true,"href":"https:\/\/diarioregionaldigital.com.br\/index.php?rest_route=%2Fwp%2Fv2%2Fcategories&post=189862"},{"taxonomy":"post_tag","embeddable":true,"href":"https:\/\/diarioregionaldigital.com.br\/index.php?rest_route=%2Fwp%2Fv2%2Ftags&post=189862"}],"curies":[{"name":"wp","href":"https:\/\/api.w.org\/{rel}","templated":true}]}}