{"id":189859,"date":"2021-10-19T16:57:56","date_gmt":"2021-10-19T19:57:56","guid":{"rendered":"https:\/\/diarioregionaldigital.com.br\/?p=189859"},"modified":"2021-10-19T16:57:56","modified_gmt":"2021-10-19T19:57:56","slug":"autoridade-descarta-acordo-com-nao-vacinados-no-aberto-da-australia","status":"publish","type":"post","link":"https:\/\/diarioregionaldigital.com.br\/?p=189859","title":{"rendered":"Autoridade descarta acordo com n\u00e3o vacinados no Aberto da Austr\u00e1lia"},"content":{"rendered":"<p>O estado australiano de Vit\u00f3ria n\u00e3o far\u00e1 acordos especiais com atletas n\u00e3o vacinados para que eles atuem em grandes eventos, disse o premi\u00ea estadual Daniel Andrews nesta ter\u00e7a-feira (19), colocando em d\u00favida a defesa do t\u00edtulo de Novak Djokovic no Aberto da Austr\u00e1lia e sua busca por um recorde de Grand Slams.<\/p>\n<p>Djokovic, n\u00famero um do mundo que compartilha 20 t\u00edtulos de Grand Slam com Roger Federer e Rafael Nadal, voltou a se recusar a revelar sua situa\u00e7\u00e3o vacinal nesta semana e disse que n\u00e3o tem certeza de que defender\u00e1 sua coroa no Aberto da Austr\u00e1lia ao mesmo tempo em que as autoridades determinam restri\u00e7\u00f5es da covid-19 para o torneio.<\/p>\n<p>O premi\u00ea de Vit\u00f3ria, Daniel Andrews, disse que \u00e9 contra arranjos especiais para permitir que atletas n\u00e3o vacinados compitam no Estado, que deve sediar o Grand Slam em Melbourne Park em janeiro.<\/p>\n<p>&#8220;Quanto \u00e0 quest\u00e3o da vacina\u00e7\u00e3o, n\u00e3o&#8221;, disse ele em um briefing. &#8220;[O v\u00edrus] n\u00e3o se importa com seu ranking de t\u00eanis, ou quantos Grand Slams voc\u00ea venceu. \u00c9 completamente irrelevante. Voc\u00ea precisa estar vacinado para se manter seguro e manter os outros seguros.&#8221;<\/p>\n<p>A Associa\u00e7\u00e3o Tennis Australia, que organiza o Grand Slam, n\u00e3o quis comentar.<\/p>\n<p>Vit\u00f3ria, que deve sair de um lockdown de quase tr\u00eas meses nesta semana, incluiu recentemente atletas profissionais em uma exig\u00eancia de vacina\u00e7\u00e3o que cobre milh\u00f5es de &#8220;trabalhadores autorizados&#8221;, sem esclarecer se ela se aplica a atletas estrangeiros ou de outros estados australianos.<\/p>\n<p>Mas Andrews deu a entender que atletas estrangeiros est\u00e3o inclu\u00eddos.<\/p>\n<p>Fonte: Ag\u00eancia Brasil<\/p>\n","protected":false},"excerpt":{"rendered":"<p>O estado australiano de Vit\u00f3ria n\u00e3o far\u00e1 acordos especiais com atletas n\u00e3o vacinados para que eles atuem em grandes eventos, disse o premi\u00ea estadual Daniel Andrews nesta ter\u00e7a-feira (19), colocando em d\u00favida a defesa do t\u00edtulo de Novak Djokovic no Aberto da Austr\u00e1lia e sua busca por um recorde de Grand Slams. Djokovic, n\u00famero um [&hellip;]<\/p>\n","protected":false},"author":246,"featured_media":189860,"comment_status":"closed","ping_status":"closed","sticky":false,"template":"","format":"standard","meta":{"footnotes":""},"categories":[436,257],"tags":[],"class_list":["post-189859","post","type-post","status-publish","format-standard","has-post-thumbnail","hentry","category-destaque-da-semana","category-esporte"],"_links":{"self":[{"href":"https:\/\/diarioregionaldigital.com.br\/index.php?rest_route=\/wp\/v2\/posts\/189859","targetHints":{"allow":["GET"]}}],"collection":[{"href":"https:\/\/diarioregionaldigital.com.br\/index.php?rest_route=\/wp\/v2\/posts"}],"about":[{"href":"https:\/\/diarioregionaldigital.com.br\/index.php?rest_route=\/wp\/v2\/types\/post"}],"author":[{"embeddable":true,"href":"https:\/\/diarioregionaldigital.com.br\/index.php?rest_route=\/wp\/v2\/users\/246"}],"replies":[{"embeddable":true,"href":"https:\/\/diarioregionaldigital.com.br\/index.php?rest_route=%2Fwp%2Fv2%2Fcomments&post=189859"}],"version-history":[{"count":1,"href":"https:\/\/diarioregionaldigital.com.br\/index.php?rest_route=\/wp\/v2\/posts\/189859\/revisions"}],"predecessor-version":[{"id":189861,"href":"https:\/\/diarioregionaldigital.com.br\/index.php?rest_route=\/wp\/v2\/posts\/189859\/revisions\/189861"}],"wp:featuredmedia":[{"embeddable":true,"href":"https:\/\/diarioregionaldigital.com.br\/index.php?rest_route=\/wp\/v2\/media\/189860"}],"wp:attachment":[{"href":"https:\/\/diarioregionaldigital.com.br\/index.php?rest_route=%2Fwp%2Fv2%2Fmedia&parent=189859"}],"wp:term":[{"taxonomy":"category","embeddable":true,"href":"https:\/\/diarioregionaldigital.com.br\/index.php?rest_route=%2Fwp%2Fv2%2Fcategories&post=189859"},{"taxonomy":"post_tag","embeddable":true,"href":"https:\/\/diarioregionaldigital.com.br\/index.php?rest_route=%2Fwp%2Fv2%2Ftags&post=189859"}],"curies":[{"name":"wp","href":"https:\/\/api.w.org\/{rel}","templated":true}]}}