{"id":189855,"date":"2021-10-19T16:55:13","date_gmt":"2021-10-19T19:55:13","guid":{"rendered":"https:\/\/diarioregionaldigital.com.br\/?p=189855"},"modified":"2021-10-20T14:29:34","modified_gmt":"2021-10-20T17:29:34","slug":"mundial-de-ginastica-rebeca-andrade-avanca-a-3-finais-de-aparelhos","status":"publish","type":"post","link":"https:\/\/diarioregionaldigital.com.br\/?p=189855","title":{"rendered":"Mundial de Gin\u00e1stica: Rebeca Andrade avan\u00e7a a 3 finais de aparelhos"},"content":{"rendered":"<p>A campe\u00e3 ol\u00edmpica Rebeca Andrade sobrou no primeiro dia do Mundial de Gin\u00e1stica Art\u00edstica na cidade de Kitakyushu (Jap\u00e3o) ao se classificar para as finais do salto, paralelas assim\u00e9tricas e trave. \u00c9 a primeira vez na hist\u00f3ria que uma brasileira assegura presen\u00e7a em tr\u00eas finais em um Mundial. E Rebeca foi al\u00e9m: dos tr\u00eas aparelhos em que competiu, obteve a nota mais alta em dois deles: nos salto (14,800) e nas paralelas (15,100). A competi\u00e7\u00e3o ocorre tr\u00eas meses ap\u00f3s a paulista conquistar o ouro no salto e a prata no individual geral nos Jogos de T\u00f3quio.<\/p>\n<p>\u201cEu at\u00e9 comentei com o Chico [o treinador Francisco Porath] que o meu sonho era tirar 15. Era o nosso sonho. Treinei muito e consegui\u201d, disse a ginasta sobre sua performance nas paralelas, em depoimento \u00e0 Confedera\u00e7\u00e3o Brasileira de Gin\u00e1stica (CBG).<\/p>\n<p>A primeira apresenta\u00e7\u00e3o da noite foi no salto, no qual Rebeca faturou o ouro ol\u00edmpico em T\u00f3quio. A paulista superou todas as expectativas ao alcan\u00e7ar nota 14,800, deixando para tr\u00e1s a holandesa Elisabeth Geurts (14,350) segunda colocada, e a italiana Asia D\u2019Amato (13,816).<\/p>\n<p>\u201cConsegui me adaptar, sentir o meu corpo. Saltei bem tranquila, com consci\u00eancia. Na final, preciso estar t\u00e3o concentrada como estive hoje\u201d, revelou a ginasta.<\/p>\n<p>Na trave, a brasileira se desequilibrou tr\u00eas vezes, mas mesmo assim avan\u00e7ou \u00e0 final na oitava posi\u00e7\u00e3o (13,400). As finais ser\u00e3o disputadas a partir das\u00a0 das 4h45 (hor\u00e1rio de Bras\u00edlia) do pr\u00f3ximo s\u00e1bado (23), com chances reais de a paulista de Guarulhos subir ao p\u00f3dio duas vezes, feito in\u00e9dito para gin\u00e1stica art\u00edstica do pa\u00eds.<\/p>\n<blockquote><p>\u201cSe vier, vai ser incr\u00edvel. Vou ficar muito feliz de colocar o meu nome na hist\u00f3ria mais uma vez\u201d, afirmou Rebeca.<\/p><\/blockquote>\n<p><strong>Resultados das classificat\u00f3rias<\/strong><\/p>\n<p><u>SALTO<\/u><\/p>\n<p><strong>1\u00aa)\u00a0Rebeca Andrade\u00a0(BRA) \u2013 14,800<\/strong><\/p>\n<p>2\u00aa) Elisabeth Geurts (HOL) \u2013 14,350<\/p>\n<p>3\u00aa) Asia D\u2019Amato (ITA) \u2013 13,816<\/p>\n<p>4\u00aa) Angelina Melnikova (RUS) \u2013 13,783<\/p>\n<p>5\u00aa) Maria Backsay Csenge (HUN) \u2013 13.666<\/p>\n<p>6\u00aa) Natalia Escalera (MEX) \u2013 13.633<\/p>\n<p>7\u00aa) Nancy Taman (EGI) \u2013 13.533<\/p>\n<p>8\u00aa) Ofir Netzer (ISR) \u2013 13.516<\/p>\n<p><u>PARALELAS ASSIM\u00c9TRICAS<\/u><\/p>\n<p><strong>1\u00aa)\u00a0Rebeca Andrade\u00a0(BRA) \u2013 15,100<\/strong><\/p>\n<p>2\u00aa) Xiaouyuan Wei (CHI) 14,733<\/p>\n<p>3\u00aa) Rui Luo (CHI) \u2013 14.500<\/p>\n<p>4\u00aa) Angelina Melnikova (RUS) \u2013 14.466<\/p>\n<p>5\u00aa) Zsofia Kovacs (HUN) \u2013 14.433<\/p>\n<p>6\u00aa) Vladislava Urazova (RUS) \u2013 14.366<\/p>\n<p>7\u00aa) Elisa Iorio (ITA) \u2013 14.183<\/p>\n<p>8\u00aa) Filipa Martins (POR) \u2013 14.133<\/p>\n<p><u>TRAVE<\/u><\/p>\n<p>1\u00aa) Rui Luo (CHI) \u2013 14,566<\/p>\n<p>2\u00aa) Angelina Melnikova (RUS) \u2013 14,033<\/p>\n<p>3\u00aa) Pauline Schaefer-Betz (ALE) \u2013 13,733<\/p>\n<p>4\u00aa) Leanne Wong (EUA) \u2013 13,700<\/p>\n<p>5\u00aa) Iana Vorona (RUS) \u2013 13,633<\/p>\n<p>6\u00aa) Urara Ashikawa (JAP) \u2013 13,533<\/p>\n<p>7\u00aa) Kayla di Cello (EUA) \u2013 13,500<\/p>\n<p>8\u00aa)\u00a0<strong>Rebeca Andrade\u00a0(BRA) \u2013 13,400<\/strong><\/p>\n<p><span style=\"font-weight: 400;\"><br \/>\n<\/span><span style=\"font-weight: 400;\">Fonte: Ag\u00eancia Brasil <\/span><\/p>\n","protected":false},"excerpt":{"rendered":"<p>A campe\u00e3 ol\u00edmpica Rebeca Andrade sobrou no primeiro dia do Mundial de Gin\u00e1stica Art\u00edstica na cidade de Kitakyushu (Jap\u00e3o) ao se classificar para as finais do salto, paralelas assim\u00e9tricas e trave. \u00c9 a primeira vez na hist\u00f3ria que uma brasileira assegura presen\u00e7a em tr\u00eas finais em um Mundial. E Rebeca foi al\u00e9m: dos tr\u00eas aparelhos [&hellip;]<\/p>\n","protected":false},"author":246,"featured_media":189856,"comment_status":"closed","ping_status":"closed","sticky":false,"template":"","format":"standard","meta":{"footnotes":""},"categories":[436,440,257],"tags":[],"class_list":["post-189855","post","type-post","status-publish","format-standard","has-post-thumbnail","hentry","category-destaque-da-semana","category-destaques-do-dia","category-esporte"],"_links":{"self":[{"href":"https:\/\/diarioregionaldigital.com.br\/index.php?rest_route=\/wp\/v2\/posts\/189855","targetHints":{"allow":["GET"]}}],"collection":[{"href":"https:\/\/diarioregionaldigital.com.br\/index.php?rest_route=\/wp\/v2\/posts"}],"about":[{"href":"https:\/\/diarioregionaldigital.com.br\/index.php?rest_route=\/wp\/v2\/types\/post"}],"author":[{"embeddable":true,"href":"https:\/\/diarioregionaldigital.com.br\/index.php?rest_route=\/wp\/v2\/users\/246"}],"replies":[{"embeddable":true,"href":"https:\/\/diarioregionaldigital.com.br\/index.php?rest_route=%2Fwp%2Fv2%2Fcomments&post=189855"}],"version-history":[{"count":3,"href":"https:\/\/diarioregionaldigital.com.br\/index.php?rest_route=\/wp\/v2\/posts\/189855\/revisions"}],"predecessor-version":[{"id":189895,"href":"https:\/\/diarioregionaldigital.com.br\/index.php?rest_route=\/wp\/v2\/posts\/189855\/revisions\/189895"}],"wp:featuredmedia":[{"embeddable":true,"href":"https:\/\/diarioregionaldigital.com.br\/index.php?rest_route=\/wp\/v2\/media\/189856"}],"wp:attachment":[{"href":"https:\/\/diarioregionaldigital.com.br\/index.php?rest_route=%2Fwp%2Fv2%2Fmedia&parent=189855"}],"wp:term":[{"taxonomy":"category","embeddable":true,"href":"https:\/\/diarioregionaldigital.com.br\/index.php?rest_route=%2Fwp%2Fv2%2Fcategories&post=189855"},{"taxonomy":"post_tag","embeddable":true,"href":"https:\/\/diarioregionaldigital.com.br\/index.php?rest_route=%2Fwp%2Fv2%2Ftags&post=189855"}],"curies":[{"name":"wp","href":"https:\/\/api.w.org\/{rel}","templated":true}]}}