{"id":189852,"date":"2021-10-19T16:52:28","date_gmt":"2021-10-19T19:52:28","guid":{"rendered":"https:\/\/diarioregionaldigital.com.br\/?p=189852"},"modified":"2021-10-19T16:56:18","modified_gmt":"2021-10-19T19:56:18","slug":"nba-espera-que-kyrie-irving-mude-de-ideia-e-se-vacine-contra-covid-19","status":"publish","type":"post","link":"https:\/\/diarioregionaldigital.com.br\/?p=189852","title":{"rendered":"NBA espera que Kyrie Irving mude de ideia e se vacine contra covid-19"},"content":{"rendered":"<p>O comiss\u00e1rio da Associa\u00e7\u00e3o Nacional de Basquete dos Estados Unidos (NBA), Adam Silver, espera que Kyrie Irving acabe se vacinando e disse que respeita os regulamentos anti-covid-19 da cidade de Nova York, que colocam em d\u00favida a temporada do armador do Brooklyn Nets.<img decoding=\"async\" src=\"https:\/\/agenciabrasil.ebc.com.br\/ebc.png?id=1424903&amp;o=node\" \/><img decoding=\"async\" src=\"https:\/\/agenciabrasil.ebc.com.br\/ebc.gif?id=1424903&amp;o=node\" \/><\/p>\n<p>Na semana passada, Irving disse que est\u00e1 &#8220;sendo fiel ao que parece certo&#8221; ao escolher n\u00e3o ser vacinado depois que o Brooklyn Nets decidiu que ele n\u00e3o ter\u00e1 permiss\u00e3o para treinar nem jogar com o time at\u00e9 obedecer a exig\u00eancia de vacina\u00e7\u00e3o contra covid-19 da cidade de Nova York.<\/p>\n<p>A cidade exige prova de ao menos uma dose da vacina para o ingresso em grandes espa\u00e7os fechados.<\/p>\n<p>&#8220;Espero que Kyrie, apesar de sua convic\u00e7\u00e3o sobre a vacina\u00e7\u00e3o, acabe decidindo se vacinar, porque adoraria v\u00ea-lo jogar basquete nesta temporada&#8221;, disse Silver aos rep\u00f3rteres na v\u00e9spera do in\u00edcio da nova temporada, que come\u00e7a nesta ter\u00e7a-feira (19). &#8220;Isto \u00e9 entre Irving e a cidade de Nova York neste momento&#8221;, acrescentou. &#8220;N\u00e3o \u00e9 um assunto da liga&#8230; mas acho que teria sido melhor para todos se todo jogador estivesse vacinado.&#8221;<\/p>\n<p>A NBA n\u00e3o conseguiu tornar a vacina obrigat\u00f3ria para os jogadores nas negocia\u00e7\u00f5es com a Associa\u00e7\u00e3o Nacional de Jogadores de Basquete, mas Silver disse que cerca de 96% deles se vacinaram.<\/p>\n<p>Os jogadores da NBA que n\u00e3o estiverem vacinados ter\u00e3o que cumprir uma lista longa de restri\u00e7\u00f5es para participarem da pr\u00f3xima temporada, segundo um memorando obtido pela Reuters no m\u00eas passado.<\/p>\n<p>Indagado se a situa\u00e7\u00e3o de Irving \u00e9 justa, Silver respondeu:<\/p>\n<p>&#8220;N\u00e3o sei se justa \u00e9 a maneira certa de abordar isto, porque n\u00e3o h\u00e1 nada de justo em rela\u00e7\u00e3o a este v\u00edrus&#8221;.<\/p>\n<p><span style=\"font-weight: 400;\"><br \/>\n<\/span><span style=\"font-weight: 400;\">Fonte: Ag\u00eancia Brasil <\/span><\/p>\n","protected":false},"excerpt":{"rendered":"<p>O comiss\u00e1rio da Associa\u00e7\u00e3o Nacional de Basquete dos Estados Unidos (NBA), Adam Silver, espera que Kyrie Irving acabe se vacinando e disse que respeita os regulamentos anti-covid-19 da cidade de Nova York, que colocam em d\u00favida a temporada do armador do Brooklyn Nets. Na semana passada, Irving disse que est\u00e1 &#8220;sendo fiel ao que parece [&hellip;]<\/p>\n","protected":false},"author":246,"featured_media":189853,"comment_status":"closed","ping_status":"closed","sticky":false,"template":"","format":"standard","meta":{"footnotes":""},"categories":[436,257],"tags":[],"class_list":["post-189852","post","type-post","status-publish","format-standard","has-post-thumbnail","hentry","category-destaque-da-semana","category-esporte"],"_links":{"self":[{"href":"https:\/\/diarioregionaldigital.com.br\/index.php?rest_route=\/wp\/v2\/posts\/189852","targetHints":{"allow":["GET"]}}],"collection":[{"href":"https:\/\/diarioregionaldigital.com.br\/index.php?rest_route=\/wp\/v2\/posts"}],"about":[{"href":"https:\/\/diarioregionaldigital.com.br\/index.php?rest_route=\/wp\/v2\/types\/post"}],"author":[{"embeddable":true,"href":"https:\/\/diarioregionaldigital.com.br\/index.php?rest_route=\/wp\/v2\/users\/246"}],"replies":[{"embeddable":true,"href":"https:\/\/diarioregionaldigital.com.br\/index.php?rest_route=%2Fwp%2Fv2%2Fcomments&post=189852"}],"version-history":[{"count":2,"href":"https:\/\/diarioregionaldigital.com.br\/index.php?rest_route=\/wp\/v2\/posts\/189852\/revisions"}],"predecessor-version":[{"id":189858,"href":"https:\/\/diarioregionaldigital.com.br\/index.php?rest_route=\/wp\/v2\/posts\/189852\/revisions\/189858"}],"wp:featuredmedia":[{"embeddable":true,"href":"https:\/\/diarioregionaldigital.com.br\/index.php?rest_route=\/wp\/v2\/media\/189853"}],"wp:attachment":[{"href":"https:\/\/diarioregionaldigital.com.br\/index.php?rest_route=%2Fwp%2Fv2%2Fmedia&parent=189852"}],"wp:term":[{"taxonomy":"category","embeddable":true,"href":"https:\/\/diarioregionaldigital.com.br\/index.php?rest_route=%2Fwp%2Fv2%2Fcategories&post=189852"},{"taxonomy":"post_tag","embeddable":true,"href":"https:\/\/diarioregionaldigital.com.br\/index.php?rest_route=%2Fwp%2Fv2%2Ftags&post=189852"}],"curies":[{"name":"wp","href":"https:\/\/api.w.org\/{rel}","templated":true}]}}