{"id":189779,"date":"2021-10-18T15:46:50","date_gmt":"2021-10-18T18:46:50","guid":{"rendered":"https:\/\/diarioregionaldigital.com.br\/?p=189779"},"modified":"2021-10-18T15:46:50","modified_gmt":"2021-10-18T18:46:50","slug":"governador-se-reune-com-representantes-do-turismo-da-regiao-do-circuito-das-aguas-de-minas-no-sul-do-estado","status":"publish","type":"post","link":"https:\/\/diarioregionaldigital.com.br\/?p=189779","title":{"rendered":"Governador se re\u00fane com representantes do turismo da regi\u00e3o do Circuito das \u00c1guas de Minas, no Sul do estado"},"content":{"rendered":"<p>O governador Romeu Zema se reuniu, nesta sexta-feira (15\/10), com representantes do setor tur\u00edstico da cidade de S\u00e3o Louren\u00e7o e regi\u00e3o, no Sul de Minas. O encontro ocorreu no Parque das \u00c1guas, um dos principais atrativos da cidade, que conta com fontes de \u00e1gua mineral e de valor medicinal.<\/p>\n<p>O\u00a0governador esteve\u00a0com\u00a0representantes da \u00e1rea, ouviu demandas e apresentou propostas para fortalecer o turismo da regi\u00e3o. Como a demanda tur\u00edstica no estado tem aumentado gradativamente, Zema ressaltou a prepara\u00e7\u00e3o do Estado para atendimento aos setores nesta retomada.<\/p>\n<p>\u201cTenho acompanhado o crescimento das atividades. Ficou uma demanda reprimida, as pessoas ficaram quase um ano e meio trancadas dentro de casa, impedidas de viajar. Agora, havendo oportunidade, todos querem tirar o atraso. At\u00e9 porque, muitos t\u00eam filhos, querem lev\u00e1-los para conhecer outros lugares, para ver alguma coisa. Chega de ficar s\u00f3 fechado\u201d, disse.<\/p>\n<p>O governador tamb\u00e9m\u00a0destacou o avan\u00e7o da vacina\u00e7\u00e3o em Minas Gerais, o que garante que esse processo de reabertura seja feito com seguran\u00e7a. \u201cQueremos que esse processo seja consistente, organizado e bem planejado. Por isso vim aqui hoje: para escut\u00e1-los. Queremos saber o que est\u00e1 acontecendo em S\u00e3o Louren\u00e7o e o que o Estado pode fazer para contribuir para que esse processo seja sustent\u00e1vel e traga prosperidade, gerando empregos no estado todo\u201d, finalizou Zema.<\/p>\n<p><strong>S\u00e3o Louren\u00e7o<\/strong><\/p>\n<p>Cidade polo do Circuito das \u00c1guas de Minas, S\u00e3o Louren\u00e7o\u00a0se destaca por ser uma das mais conhecidas est\u00e2ncias hidrominerais do Brasil.\u00a0Em termos de economia, as principais atividades giram em torno do turismo com o segundo maior parque hoteleiro do estado.<\/p>\n<p>Neste momento de retomada gradual do setor,\u00a0o munic\u00edpio conta com a certifica\u00e7\u00e3o internacional\u00a0(criada pel Conselho Mundial de Viagens e Turismo) que atesta a cidade como\u00a0segura para receber turistas. O selo Safe Travels foi concedido pela\u00a0<a href=\"http:\/\/www.secult.mg.gov.br\/\" target=\"_blank\" rel=\"noopener\">Secretaria de Estado de Cultura e Turismo (Secult)<\/a>\u00a0e aponta que o trabalho de combate e preven\u00e7\u00e3o \u00e0 covid-19 tem surtido efeito na regi\u00e3o.<\/p>\n<p>Outra a\u00e7\u00e3o do\u00a0Estado, tamb\u00e9m por meio da Secult, neste processo de retomada, \u00e9\u00a0o Reviva Turismo, edital\u00a0busca promover o potencial tur\u00edstico de Minas Gerais. Ser\u00e3o R$ 10 milh\u00f5es em investimentos, com inscri\u00e7\u00f5es para munic\u00edpios mineiros no per\u00edodo de 25\/10 a 8\/11.<\/p>\n<p><span style=\"font-weight: 400;\"><br \/>\n<\/span><span style=\"font-weight: 400;\">Fonte: Ag\u00eancia Minas <\/span><\/p>\n","protected":false},"excerpt":{"rendered":"<p>O governador Romeu Zema se reuniu, nesta sexta-feira (15\/10), com representantes do setor tur\u00edstico da cidade de S\u00e3o Louren\u00e7o e regi\u00e3o, no Sul de Minas. O encontro ocorreu no Parque das \u00c1guas, um dos principais atrativos da cidade, que conta com fontes de \u00e1gua mineral e de valor medicinal. O\u00a0governador esteve\u00a0com\u00a0representantes da \u00e1rea, ouviu demandas [&hellip;]<\/p>\n","protected":false},"author":246,"featured_media":189780,"comment_status":"closed","ping_status":"closed","sticky":false,"template":"","format":"standard","meta":{"footnotes":""},"categories":[436,254],"tags":[],"class_list":["post-189779","post","type-post","status-publish","format-standard","has-post-thumbnail","hentry","category-destaque-da-semana","category-politica"],"_links":{"self":[{"href":"https:\/\/diarioregionaldigital.com.br\/index.php?rest_route=\/wp\/v2\/posts\/189779","targetHints":{"allow":["GET"]}}],"collection":[{"href":"https:\/\/diarioregionaldigital.com.br\/index.php?rest_route=\/wp\/v2\/posts"}],"about":[{"href":"https:\/\/diarioregionaldigital.com.br\/index.php?rest_route=\/wp\/v2\/types\/post"}],"author":[{"embeddable":true,"href":"https:\/\/diarioregionaldigital.com.br\/index.php?rest_route=\/wp\/v2\/users\/246"}],"replies":[{"embeddable":true,"href":"https:\/\/diarioregionaldigital.com.br\/index.php?rest_route=%2Fwp%2Fv2%2Fcomments&post=189779"}],"version-history":[{"count":2,"href":"https:\/\/diarioregionaldigital.com.br\/index.php?rest_route=\/wp\/v2\/posts\/189779\/revisions"}],"predecessor-version":[{"id":189782,"href":"https:\/\/diarioregionaldigital.com.br\/index.php?rest_route=\/wp\/v2\/posts\/189779\/revisions\/189782"}],"wp:featuredmedia":[{"embeddable":true,"href":"https:\/\/diarioregionaldigital.com.br\/index.php?rest_route=\/wp\/v2\/media\/189780"}],"wp:attachment":[{"href":"https:\/\/diarioregionaldigital.com.br\/index.php?rest_route=%2Fwp%2Fv2%2Fmedia&parent=189779"}],"wp:term":[{"taxonomy":"category","embeddable":true,"href":"https:\/\/diarioregionaldigital.com.br\/index.php?rest_route=%2Fwp%2Fv2%2Fcategories&post=189779"},{"taxonomy":"post_tag","embeddable":true,"href":"https:\/\/diarioregionaldigital.com.br\/index.php?rest_route=%2Fwp%2Fv2%2Ftags&post=189779"}],"curies":[{"name":"wp","href":"https:\/\/api.w.org\/{rel}","templated":true}]}}