{"id":189776,"date":"2021-10-18T15:45:11","date_gmt":"2021-10-18T18:45:11","guid":{"rendered":"https:\/\/diarioregionaldigital.com.br\/?p=189776"},"modified":"2021-10-18T15:45:11","modified_gmt":"2021-10-18T18:45:11","slug":"turismo-em-mg-movimenta-bilhoes-na-economia-e-quadruplica-crescimento-em-numero-de-empregos","status":"publish","type":"post","link":"https:\/\/diarioregionaldigital.com.br\/?p=189776","title":{"rendered":"Turismo em MG movimenta bilh\u00f5es na economia e quadruplica crescimento em n\u00famero de empregos"},"content":{"rendered":"<p>A\u00a0<a href=\"https:\/\/www.secult.mg.gov.br\/\" target=\"_blank\" rel=\"noopener\">Secretaria de Estado de Cultura e Turismo de Minas Gerais (Secult)<\/a>\u00a0lan\u00e7ou, em maio deste ano, quando o setor do turismo come\u00e7ou a dar sinais de retomada gradual com o avan\u00e7o da vacina\u00e7\u00e3o no Brasil, o programa Reviva Turismo, voltado a identificar tend\u00eancias e promover o estado, seguindo os protocolos de biosseguran\u00e7a. Desde que ele foi colocado em pr\u00e1tica, o fluxo tur\u00edstico em Minas Gerais identificou uma movimenta\u00e7\u00e3o de mais de 6 milh\u00f5es de pessoas, garantindo n\u00fameros maiores inclusive que o per\u00edodo anterior \u00e0 pandemia.<\/p>\n<p>Pelo Aeroporto Internacional de Belo Horizonte, por exemplo, uma das portas de entrada para o estado, em agosto de 2019, per\u00edodo pr\u00e9-pandemia, passaram cerca de 570 mil pessoas. J\u00e1 em agosto de 2021, o fluxo supera 670 mil turistas, ou seja, mais de 100 mil novos viajantes pelo estado.<\/p>\n<p>O novo relat\u00f3rio divulgado pelo\u00a0<a href=\"https:\/\/www.observatorioturismo.mg.gov.br\/\" target=\"_blank\" rel=\"noopener\">Observat\u00f3rio do Turismo de Minas Gerais (OTMG)<\/a>\u00a0registra que, em agosto de 2021, mais de 2 milh\u00f5es de viajantes circularam pelo estado.<\/p>\n<p>Segundo dados da \u00faltima Pesquisa de Demanda realizada pelo Estado, em 2016, visto que ainda n\u00e3o h\u00e1 uma medi\u00e7\u00e3o mais atualizada deste vi\u00e9s at\u00e9 ent\u00e3o, a m\u00e9dia de gasto de um turista em Minas Gerais \u00e9 de cerca de R$ 105 por dia. A m\u00e9dia de perman\u00eancia do viajante no estado \u00e9 de aproximadamente 6 dias, o que d\u00e1 o valor R$ 630 por turista. Ao multiplicarmos 2 milh\u00f5es de pessoas por R$ 630, chegamos ao montante de R$ 1,26 bilh\u00e3o injetados na economia mineira por m\u00eas desde maio de 2021. Em tr\u00eas meses, desde o lan\u00e7amento do Reviva Turismo, esse n\u00famero chega a R$ 3,78 bilh\u00f5es.<\/p>\n<p>No que diz respeito ao movimento de empregos no setor do turismo em Minas Gerais, que vinha registrando quedas at\u00e9 o m\u00eas de maio, a partir de junho, com a recupera\u00e7\u00e3o exponencial que o setor vem passando, j\u00e1 houve registro de mais de 12 mil novas vagas preenchidas no acumulado.<\/p>\n<p>Somente no \u00faltimo m\u00eas de agosto foram registrados mais de 5 mil postos de trabalho ocupados no setor do turismo no estado. O programa Reviva Turismo colocou como meta o aumento de 100 mil empregos na \u00e1rea em 15 meses. Em tr\u00eas, o estado j\u00e1 alcan\u00e7ou, portanto, 12% desse montante.<\/p>\n<p><strong>Minas conquista o imagin\u00e1rio coletivo<\/strong><\/p>\n<p>O contexto promissor vivido por Minas Gerais no momento \u00e9 comprovado tamb\u00e9m pelos pap\u00e9is de destaque que o estado vem desempenhando nas mais variadas vertentes relacionadas ao turismo.\u00a0 A tradi\u00e7\u00e3o, a cultura, a cozinha e o jeito \u00fanico de seu povo fazem de Minas um dos dez destinos mais acolhedores do mundo, segundo o ranking global da premia\u00e7\u00e3o Travellers Review Awards 2021, da plataforma de reservas on-line Booking.com. Esta \u00e9 a primeira vez que uma localidade brasileira est\u00e1 presente na lista das Regi\u00f5es Mais Acolhedoras no Mundo.<\/p>\n<p>De acordo com a mesma premia\u00e7\u00e3o da Booking.com, Minas Gerais tamb\u00e9m abriga tr\u00eas das 10 regi\u00f5es mais acolhedoras do Brasil. Pela lista divulgada neste ano pela plataforma, Monte Verde, no Sul de Minas, aparece em segundo lugar. J\u00e1 Lavras Novas, distrito de Ouro Preto, na regi\u00e3o central, est\u00e1 na s\u00e9tima posi\u00e7\u00e3o. Quem fecha o rol dos locais mais acolhedores do pa\u00eds, no 10\u00ba lugar, \u00e9 a Serra do Cip\u00f3, compreendida pelo munic\u00edpio de Santana do Riacho, tamb\u00e9m na regi\u00e3o central de Minas Gerais.<\/p>\n<p>J\u00e1 S\u00e3o Bartolomeu, distrito de Ouro Preto de 730 habitantes, banhado pelo Rio das Velhas, \u00e9 um dos tr\u00eas destinos brasileiros selecionados pelo Minist\u00e9rio do Turismo (MTur) para representar o Brasil no concurso &#8220;Melhores Vilas Tur\u00edsticas do Mundo&#8221;, promovido pela Organiza\u00e7\u00e3o Mundial do Turismo (OMT), ag\u00eancia das Na\u00e7\u00f5es Unidas.<\/p>\n<p>As sucessivas conquistas do estado em notoriedade s\u00e3o tamb\u00e9m reflexo das campanhas \u201cMinas para Minas\u201d, \u201cMinas para o Brasil\u201d e \u201cMinas para o Mundo\u201d, desenvolvidas pela Secult no \u00e2mbito do Reviva Turismo.<\/p>\n<p>\u201cMinas para Minas\u201d, que teve in\u00edcio h\u00e1 cerca de um ano, relaciona-se ao turismo de proximidade, e ofereceu o destino Minas Gerais para os pr\u00f3prios mineiros, para que estes possam se reconhecer, visitar e resgatar o seu amor pelo estado, exaltando o sentimento de pertencimento do mineiro.<\/p>\n<p>A segunda etapa \u00e9 a \u201cMinas para o Brasil\u201d, fase atual, que conta com a\u00e7\u00f5es de promo\u00e7\u00e3o e comercializa\u00e7\u00e3o do destino Minas Gerais nos modelo B2B e B2C, como, por exemplo, parcerias com operadoras e ag\u00eancias para oferecimento de pacotes para todo o Brasil, a\u00e7\u00f5es de audiovisual e turismo autoguiado. As a\u00e7\u00f5es conjuntas com operadoras e ag\u00eancias brasileiras t\u00eam efeito internacional, abrindo a nova fase que ser\u00e1 a campanha \u201cMinas para o Mundo\u201d.<\/p>\n<p>Mas o reconhecimento das pot\u00eancias do estado n\u00e3o para por a\u00ed. Um dos seus maiores cart\u00f5es de visita, a singular Cozinha Mineira, ganha os holofotes com a recente conquista no concurso internacional \u201cMondial du Fromage et des Produits Laitiers\u201d, promovido na Fran\u00e7a. Produtores mineiros ganharam 40 medalhas das 57 faturadas pelo Brasil, liderando o ranking brasileiro na premia\u00e7\u00e3o. Al\u00e9m do alto n\u00famero de pr\u00eamios no quadro geral, Minas Gerais levou quatro das cinco medalhas Super Ouro, que s\u00e3o as mais cobi\u00e7adas e mais raras, revelando a for\u00e7a e o vigor da cozinha mineira, o cuidado e a excel\u00eancia de nossos produtos artesanais.<\/p>\n<p>Minas Gerais \u00e9 tamb\u00e9m o maior produtor de caf\u00e9 do Brasil, sendo respons\u00e1vel por aproximadamente 54,3% da safra nacional, colocando o pa\u00eds como maior produtor e exportador do gr\u00e3o no mundo, de acordo com dados do Observat\u00f3rio do Caf\u00e9, da Empresa Brasileira de Pesquisa Agropecu\u00e1ria (Embrapa). No estado, s\u00e3o 463 munic\u00edpios produtores de caf\u00e9 em uma \u00e1rea cultivada de 1,2 milh\u00e3o de hectares (dados do mapeamento do parque cafeeiro mineiro de 2018).<\/p>\n<p>A macrorregi\u00e3o Norte e Vales do Jequitinhonha e Mucuri possuem 77 munic\u00edpios produtores e uma \u00e1rea plantada de 37,8 mil hectares. J\u00e1 o Tri\u00e2ngulo Mineiro, Alto Parana\u00edba e Nordeste somam 51 munic\u00edpios e uma \u00e1rea cafeeira de 211,9 mil hectares. Na Zona da Mata mineira, Vale do Rio Doce e regi\u00e3o Central s\u00e3o 181 munic\u00edpios e uma \u00e1rea cultivada de 322 mil hectares. As regi\u00f5es Sul e Centro-Oeste, juntas, possuem a maior \u00e1rea. S\u00e3o 649,9 mil hectares plantados em 154 munic\u00edpios.<\/p>\n<p>J\u00e1 os azeites mineiros tamb\u00e9m ganharam evid\u00eancia em setembro, durante o Brazil International Olive Oil Competition 2021, concurso que reuniu produtos de pa\u00edses da Am\u00e9rica Sul, da Am\u00e9rica do Norte e da Europa. Foram premiados azeites de Baependi e de Andrel\u00e2ndia, enquanto os produtos da Serra da Mantiqueira j\u00e1 v\u00eam conquistando paladares h\u00e1 alguns anos em premia\u00e7\u00f5es internacionais.<\/p>\n<p><strong>Cr\u00e9dito facilitado<\/strong><\/p>\n<p>O\u00a0<a href=\"https:\/\/www.mg.gov.br\/\" target=\"_blank\" rel=\"noopener\">Governo de Minas<\/a>, por meio de parceria entre a Secult e o\u00a0<a href=\"https:\/\/bdmgorienta.bdmg.mg.gov.br\/simule-seu-credito?utm_campaign=Simulador%20BDMG&amp;utm_source=ppc&amp;utm_term=bdmg%20emprestimo&amp;utm_campaign=BDMG_Institucional_search&amp;utm_source=adwords&amp;utm_medium=ppc&amp;hsa_acc=7112473180&amp;hsa_cam=1318500192&amp;hsa_grp=80296845506&amp;hsa_ad=391936701016&amp;hsa_src=g&amp;hsa_tgt=kwd-306408528600&amp;hsa_kw=bdmg%20emprestimo&amp;hsa_mt=b&amp;hsa_net=adwords&amp;hsa_ver=3&amp;gclid=CjwKCAjwzaSLBhBJEiwAJSRoknOVKJqu34OUIyMwJbJLcIvaNrP225OuTunXeTV57VRVT3kqmS3FzxoC3pQQAvD_BwE\" target=\"_blank\" rel=\"noopener\">Banco de Desenvolvimento de Minas Gerais (BDMG)<\/a>, dentro do eixo de Infraestrutura do Programa Reviva Turismo, est\u00e1 oferecendo linhas de cr\u00e9dito especiais para os setores de turismo e eventos. O BDMG reduziu para 5% ao ano + Selic a taxa para micro e pequenas empresas de Minas Gerais interessadas em obter cr\u00e9dito por meio do Programa Nacional de Apoio \u00e0s Microempresas e Empresas de Pequeno Porte (Pronampe). O movimento beneficia os setores ligados a turismo e eventos e diferencia o banco da concorr\u00eancia, uma vez que as demais institui\u00e7\u00f5es financeiras do mercado est\u00e3o praticando uma taxa de 6% ao ano + Selic.<\/p>\n<p>O cr\u00e9dito da linha Pronampe pode ser aplicado em capital de giro ou em investimentos, com prazo total de 48 meses para pagar e 11 meses de car\u00eancia. Al\u00e9m da menor taxa de juros, h\u00e1 outros diferenciais em rela\u00e7\u00e3o ao restante do mercado: as empresas com participa\u00e7\u00e3o feminina no capital social maior ou igual a 50%, h\u00e1 pelo menos seis meses, e as empresas da cadeia do turismo, eventos, bares e restaurantes, contam com Tarifa de Abertura e Acompanhamento de Cr\u00e9dito (TAAC) reduzida.<\/p>\n<p>Al\u00e9m dessa importante iniciativa, Minas Gerais comemora o crescimento constante dos contratos assinados por meio do Fundo Geral do Turismo (Fungetur). No pa\u00eds, entre 2020 e 2021, 6.385 contratos foram firmados no Fundo, e o estado ocupa a segunda posi\u00e7\u00e3o com a maior quantidade de contratos, somando 1.113 entre janeiro de 2020 e outubro de 2021. Esse indicador positivo da economia do turismo em Minas \u00e9 tamb\u00e9m reflexo das a\u00e7\u00f5es do programa Reviva Turismo para estimular o setor.<\/p>\n<p>O Fungetur \u00e9 uma linha de financiamento com recursos do Minist\u00e9rio do Turismo (MTur) destinada, preferencialmente, aos segmentos de micro, pequenas e m\u00e9dias empresas. O aumento desse \u00edndice representa giro mais est\u00e1vel na economia do turismo, uma vez que \u00e9 poss\u00edvel ampliar a capitaliza\u00e7\u00e3o de empresas ligadas ao setor, garantindo a seu funcionamento, a realiza\u00e7\u00e3o de obras de infraestrutura tur\u00edstica, al\u00e9m de manuten\u00e7\u00e3o de empregos no estado.<\/p>\n<p><strong>Minas para o Mundo<\/strong><\/p>\n<p>Para consolidar a internacionaliza\u00e7\u00e3o de Minas Gerais, a Secult j\u00e1 percorreu os primeiros passos com a abertura de uma representa\u00e7\u00e3o do estado em Portugal, tornando Minas o primeiro estado brasileiro a ter este tipo de a\u00e7\u00e3o no exterior. A estrat\u00e9gia integra campanha \u201cMinas para o Mundo\u201d, mais uma a\u00e7\u00e3o do Programa Reviva Turismo.<\/p>\n<p>O ponto de partida para promover o destino Minas Gerais em terras estrangeiras come\u00e7a com o projeto Via Liberdade, rota tur\u00edstica e cultural que ir\u00e1 se estender pela BR-040, ligando as belezas, as hist\u00f3rias, a cultura e a arte de Minas Gerais, Rio de Janeiro, Goi\u00e1s e Distrito Federal. Al\u00e9m de comemorar o bicenten\u00e1rio de independ\u00eancia do Brasil, o projeto celebra os 100 anos da Semana de Arte Moderna, em 2022.<\/p>\n<p>A inten\u00e7\u00e3o de levar a cozinha mineira para o mundo foi enfatizada na \u00faltima quarta-feira (13\/10), quando o secret\u00e1rio Le\u00f4nidas Oliveira e a subsecret\u00e1ria de Turismo, Milena Pedrosa, estiveram na Assembleia Legislativa, a convite do presidente da Comiss\u00e3o de Turismo da Casa, o deputado Mauro Tramonte, e o Corpo Consular no Estado, al\u00e9m de outras entidades ligadas ao turismo e \u00e0 gastronomia, para tra\u00e7ar estrat\u00e9gias de promo\u00e7\u00e3o da nossa culin\u00e1ria inicialmente na Europa e nas Am\u00e9ricas, para depois ganhar contornos para o restante do mundo. Um evento est\u00e1 previsto para Portugal no in\u00edcio de novembro, para dar o pontap\u00e9 inicial nesta a\u00e7\u00e3o.<\/p>\n<p><strong>Edital Reviva Turismo<\/strong><\/p>\n<p>Em iniciativa in\u00e9dita no estado e pioneira no Brasil, a Secult tamb\u00e9m lan\u00e7ou o Edital Reviva Turismo para fomentar o turismo mineiro. Or\u00e7ado em R$ 10 milh\u00f5es, o edital representa ainda o fortalecimento das parcerias do Governo de Minas com o setor privado na estrutura\u00e7\u00e3o e promo\u00e7\u00e3o conjunta da marca Minas como destino. O objetivo \u00e9 realizar investimentos de marketing para divulgar e promover o potencial tur\u00edstico de Minas Gerais, o aumento do n\u00famero de visitantes ao estado e gerar, assim, mais empregos, renda e desenvolvimento socioecon\u00f4mico.<\/p>\n<p>O edital, que ter\u00e1 o per\u00edodo de inscri\u00e7\u00f5es entre 25 de outubro e 8 de novembro deste ano, prev\u00ea o investimento em 60 projetos, sendo 20 de apoio \u00e0 comercializa\u00e7\u00e3o (R$ 80 mil para cada) e outros 40 projetos de promo\u00e7\u00e3o (R$ 210 mil para cada).Dentre as a\u00e7\u00f5es de apoio \u00e0 comercializa\u00e7\u00e3o, a expectativa \u00e9 sejam criadas a\u00e7\u00f5es como famtours; encontros de neg\u00f3cios; treinamentos e elabora\u00e7\u00e3o de roteiros tur\u00edsticos em conjunto para operadores e agentes de viagens; al\u00e9m da cria\u00e7\u00e3o, produ\u00e7\u00e3o e divulga\u00e7\u00e3o on-line, seguindo a tend\u00eancia de compra do turista.<\/p>\n<p>J\u00e1 dentre as a\u00e7\u00f5es de promo\u00e7\u00e3o de destinos e produtos tur\u00edsticos as a\u00e7\u00f5es s\u00e3o: cria\u00e7\u00e3o, produ\u00e7\u00e3o e divulga\u00e7\u00e3o on-line de materiais digitais, conte\u00fados promocionais para redes sociais, sites ou blogs, press trips, a\u00e7\u00f5es de publicidade ou propaganda exclusivamente on-line; produ\u00e7\u00e3o e aquisi\u00e7\u00e3o de fotos e v\u00eddeos, de alta qualidade, para fins de promo\u00e7\u00e3o do destino ou produto tur\u00edstico.<\/p>\n<p>Os proponentes dever\u00e3o ser organiza\u00e7\u00f5es sociais que trabalham com turismo e possuam produtos tur\u00edsticos j\u00e1 estruturados. Todos os projetos devem atuar com produtos tur\u00edsticos mineiros com foco no turismo cultural, turismo de natureza, turismo de aventura, turismo gastron\u00f4mico, turismo rural, turismo de neg\u00f3cios e eventos e cicloturismo.<\/p>\n<ul>\n<li>Acesse o Edital e seus anexos\u00a0<a href=\"https:\/\/www.secult.mg.gov.br\/documentos\/edital-reviva-turismo\" target=\"_blank\" rel=\"noopener\">aqui<\/a>.\n<p><span style=\"font-weight: 400;\">Fonte: Ag\u00eancia Minas <\/span><\/li>\n<\/ul>\n","protected":false},"excerpt":{"rendered":"<p>A\u00a0Secretaria de Estado de Cultura e Turismo de Minas Gerais (Secult)\u00a0lan\u00e7ou, em maio deste ano, quando o setor do turismo come\u00e7ou a dar sinais de retomada gradual com o avan\u00e7o da vacina\u00e7\u00e3o no Brasil, o programa Reviva Turismo, voltado a identificar tend\u00eancias e promover o estado, seguindo os protocolos de biosseguran\u00e7a. Desde que ele foi [&hellip;]<\/p>\n","protected":false},"author":246,"featured_media":189777,"comment_status":"closed","ping_status":"closed","sticky":false,"template":"","format":"standard","meta":{"footnotes":""},"categories":[436,254],"tags":[],"class_list":["post-189776","post","type-post","status-publish","format-standard","has-post-thumbnail","hentry","category-destaque-da-semana","category-politica"],"_links":{"self":[{"href":"https:\/\/diarioregionaldigital.com.br\/index.php?rest_route=\/wp\/v2\/posts\/189776","targetHints":{"allow":["GET"]}}],"collection":[{"href":"https:\/\/diarioregionaldigital.com.br\/index.php?rest_route=\/wp\/v2\/posts"}],"about":[{"href":"https:\/\/diarioregionaldigital.com.br\/index.php?rest_route=\/wp\/v2\/types\/post"}],"author":[{"embeddable":true,"href":"https:\/\/diarioregionaldigital.com.br\/index.php?rest_route=\/wp\/v2\/users\/246"}],"replies":[{"embeddable":true,"href":"https:\/\/diarioregionaldigital.com.br\/index.php?rest_route=%2Fwp%2Fv2%2Fcomments&post=189776"}],"version-history":[{"count":1,"href":"https:\/\/diarioregionaldigital.com.br\/index.php?rest_route=\/wp\/v2\/posts\/189776\/revisions"}],"predecessor-version":[{"id":189778,"href":"https:\/\/diarioregionaldigital.com.br\/index.php?rest_route=\/wp\/v2\/posts\/189776\/revisions\/189778"}],"wp:featuredmedia":[{"embeddable":true,"href":"https:\/\/diarioregionaldigital.com.br\/index.php?rest_route=\/wp\/v2\/media\/189777"}],"wp:attachment":[{"href":"https:\/\/diarioregionaldigital.com.br\/index.php?rest_route=%2Fwp%2Fv2%2Fmedia&parent=189776"}],"wp:term":[{"taxonomy":"category","embeddable":true,"href":"https:\/\/diarioregionaldigital.com.br\/index.php?rest_route=%2Fwp%2Fv2%2Fcategories&post=189776"},{"taxonomy":"post_tag","embeddable":true,"href":"https:\/\/diarioregionaldigital.com.br\/index.php?rest_route=%2Fwp%2Fv2%2Ftags&post=189776"}],"curies":[{"name":"wp","href":"https:\/\/api.w.org\/{rel}","templated":true}]}}