{"id":189773,"date":"2021-10-18T15:42:18","date_gmt":"2021-10-18T18:42:18","guid":{"rendered":"https:\/\/diarioregionaldigital.com.br\/?p=189773"},"modified":"2021-10-18T15:42:18","modified_gmt":"2021-10-18T18:42:18","slug":"aziz-adia-para-quarta-feira-a-leitura-do-relatorio-da-cpi","status":"publish","type":"post","link":"https:\/\/diarioregionaldigital.com.br\/?p=189773","title":{"rendered":"Aziz adia para quarta-feira a leitura do relat\u00f3rio da CPI"},"content":{"rendered":"<p>O presidente da Comiss\u00e3o Parlamentar de Inqu\u00e9rito (CPI) da Pandemia, senador Omar Aziz (PSD-AM), adiou em um dia a leitura do relat\u00f3rio final do colegiado. Prevista inicialmente para ocorrer na ter\u00e7a-feira (19), a leitura ser\u00e1 feita na quarta-feira (20). J\u00e1 a vota\u00e7\u00e3o do relat\u00f3rio, elaborado pelo senador Renan Calheiros (MDB-AL), est\u00e1 marcada para a ter\u00e7a-feira da semana seguinte, dia 26. A decis\u00e3o pelo adiamento foi do presidente da comiss\u00e3o.<img decoding=\"async\" src=\"https:\/\/agenciabrasil.ebc.com.br\/ebc.png?id=1424717&amp;o=node\" \/><img decoding=\"async\" src=\"https:\/\/agenciabrasil.ebc.com.br\/ebc.gif?id=1424717&amp;o=node\" \/><\/p>\n<p>Os integrantes da CPI ainda ter\u00e3o mais um dia de oitivas amanh\u00e3 (18). Pela manh\u00e3, ser\u00e1 ouvido o integrante do Conselho Nacional de Sa\u00fade (CNS), Nelson Mussolini. \u00c0 tarde, ser\u00e3o ouvidas pessoas que perderam amigos e parentes para a covid-19. Todas as regi\u00f5es do pa\u00eds ser\u00e3o representadas entre os depoentes.<\/p>\n<p>Ao longo de seis meses de dura\u00e7\u00e3o, a CPI ouviu integrantes do governo federal e alguns de seus apoiadores, empres\u00e1rios, ex-ministros da Sa\u00fade, deputados, m\u00e9dicos e cientistas. O objetivo da CPI \u00e9 apontar as responsabilidades, tanto do governo federal quanto de empresas que atuaram no combate \u00e0 pandemia, em eventuais omiss\u00f5es que provocaram mortes.<\/p>\n<p><span style=\"font-weight: 400;\"><br \/>\n<\/span><span style=\"font-weight: 400;\">Fonte: Ag\u00eancia Brasil <\/span><\/p>\n","protected":false},"excerpt":{"rendered":"<p>O presidente da Comiss\u00e3o Parlamentar de Inqu\u00e9rito (CPI) da Pandemia, senador Omar Aziz (PSD-AM), adiou em um dia a leitura do relat\u00f3rio final do colegiado. Prevista inicialmente para ocorrer na ter\u00e7a-feira (19), a leitura ser\u00e1 feita na quarta-feira (20). J\u00e1 a vota\u00e7\u00e3o do relat\u00f3rio, elaborado pelo senador Renan Calheiros (MDB-AL), est\u00e1 marcada para a ter\u00e7a-feira [&hellip;]<\/p>\n","protected":false},"author":246,"featured_media":189774,"comment_status":"closed","ping_status":"closed","sticky":false,"template":"","format":"standard","meta":{"footnotes":""},"categories":[436,254],"tags":[],"class_list":["post-189773","post","type-post","status-publish","format-standard","has-post-thumbnail","hentry","category-destaque-da-semana","category-politica"],"_links":{"self":[{"href":"https:\/\/diarioregionaldigital.com.br\/index.php?rest_route=\/wp\/v2\/posts\/189773","targetHints":{"allow":["GET"]}}],"collection":[{"href":"https:\/\/diarioregionaldigital.com.br\/index.php?rest_route=\/wp\/v2\/posts"}],"about":[{"href":"https:\/\/diarioregionaldigital.com.br\/index.php?rest_route=\/wp\/v2\/types\/post"}],"author":[{"embeddable":true,"href":"https:\/\/diarioregionaldigital.com.br\/index.php?rest_route=\/wp\/v2\/users\/246"}],"replies":[{"embeddable":true,"href":"https:\/\/diarioregionaldigital.com.br\/index.php?rest_route=%2Fwp%2Fv2%2Fcomments&post=189773"}],"version-history":[{"count":1,"href":"https:\/\/diarioregionaldigital.com.br\/index.php?rest_route=\/wp\/v2\/posts\/189773\/revisions"}],"predecessor-version":[{"id":189775,"href":"https:\/\/diarioregionaldigital.com.br\/index.php?rest_route=\/wp\/v2\/posts\/189773\/revisions\/189775"}],"wp:featuredmedia":[{"embeddable":true,"href":"https:\/\/diarioregionaldigital.com.br\/index.php?rest_route=\/wp\/v2\/media\/189774"}],"wp:attachment":[{"href":"https:\/\/diarioregionaldigital.com.br\/index.php?rest_route=%2Fwp%2Fv2%2Fmedia&parent=189773"}],"wp:term":[{"taxonomy":"category","embeddable":true,"href":"https:\/\/diarioregionaldigital.com.br\/index.php?rest_route=%2Fwp%2Fv2%2Fcategories&post=189773"},{"taxonomy":"post_tag","embeddable":true,"href":"https:\/\/diarioregionaldigital.com.br\/index.php?rest_route=%2Fwp%2Fv2%2Ftags&post=189773"}],"curies":[{"name":"wp","href":"https:\/\/api.w.org\/{rel}","templated":true}]}}