{"id":189739,"date":"2021-10-15T19:17:18","date_gmt":"2021-10-15T22:17:18","guid":{"rendered":"https:\/\/diarioregionaldigital.com.br\/?p=189739"},"modified":"2021-10-15T19:17:18","modified_gmt":"2021-10-15T22:17:18","slug":"operacao-tapa-buraco-atende-bairro-nossa-senhora-das-gracas","status":"publish","type":"post","link":"https:\/\/diarioregionaldigital.com.br\/?p=189739","title":{"rendered":"Opera\u00e7\u00e3o Tapa-buraco atende bairro Nossa Senhora das Gra\u00e7as"},"content":{"rendered":"<p>Segundo informa\u00e7\u00f5es do site da Prefeitura de Juiz de Fora, finalizando o cronograma de atua\u00e7\u00e3o da semana, equipes da Empresa Municipal de Pavimenta\u00e7\u00e3o e Urbaniza\u00e7\u00e3o (Empav) da Prefeitura de Juiz de Fora (PJF), prosseguiram com a\u00e7\u00f5es de recomposi\u00e7\u00e3o asf\u00e1ltica, conhecido popularmente como &#8216;tapa-buraco&#8217; em algumas vias da cidade. Foram atendidas demandas nos bairros Nossa Senhora das Gra\u00e7as, Nova Germ\u00e2nia, S\u00e3o Pedro, Cai\u00e7aras, Alto Bairu, Bairu, Barbosa Lage, Remonta, Santa Cruz e Furtado de Menezes.<\/p>\n<p><b>Confira a lista completa de ruas atendidas pela Empav, nesta sexta-feira, 15:<\/b><\/p>\n<p>Avenida Senhor dos Passos &#8211; Nova Germ\u00e2nia<br \/>\nAvenida dos Passos &#8211; S\u00e3o Pedro<br \/>\nRua Capit\u00e3o Miguel Altomar\u00e9 &#8211; S\u00e3o Pedro*<br \/>\nAvenida Dnar Rocha &#8211; Cai\u00e7aras<br \/>\nRua Silvestre Cupertino Rodrigues &#8211; Alto Bairu*<br \/>\nRua Ribeiro de Abreu &#8211; Bairu*<br \/>\nRua Comendador Pereira da Silva &#8211; Bairu*<br \/>\nAvenida Garcia Rodrigues Paes &#8211; Barbosa Lage<br \/>\nAvenida Eud\u00f3xio Infante Vieira &#8211; Remonta*<br \/>\nRua Francisco Jorge de Oliveira &#8211; Santa Cruz<br \/>\nAvenida Luisa Vit\u00f3ria Fernandes &#8211; Santa Cruz<br \/>\nRua Furtado de Menezes &#8211; Furtado de Menezes*<br \/>\nRua Gr\u00e3o Mogol &#8211; Nossa Senhora das Gra\u00e7as<br \/>\nRua Domingos Lopes &#8211; Nossa Senhora das Gra\u00e7as<\/p>\n<p>*servi\u00e7os seguem em andamento nessas vias<\/p>\n<p>Para solicitar estes e outros servi\u00e7os, entre em contato com o Gabinete de A\u00e7\u00e3o e Di\u00e1logo Comunit\u00e1rio, que recebe e organiza pedidos relativos a interven\u00e7\u00f5es e melhorias urbanas. O contato pode ser feito atrav\u00e9s de liga\u00e7\u00e3o telef\u00f4nica pelo n\u00famero (32) 3690-7241 ou via WhatsApp, utilizando o mesmo n\u00famero.<\/p>\n","protected":false},"excerpt":{"rendered":"<p>Segundo informa\u00e7\u00f5es do site da Prefeitura de Juiz de Fora, finalizando o cronograma de atua\u00e7\u00e3o da semana, equipes da Empresa Municipal de Pavimenta\u00e7\u00e3o e Urbaniza\u00e7\u00e3o (Empav) da Prefeitura de Juiz de Fora (PJF), prosseguiram com a\u00e7\u00f5es de recomposi\u00e7\u00e3o asf\u00e1ltica, conhecido popularmente como &#8216;tapa-buraco&#8217; em algumas vias da cidade. Foram atendidas demandas nos bairros Nossa Senhora [&hellip;]<\/p>\n","protected":false},"author":246,"featured_media":189740,"comment_status":"closed","ping_status":"closed","sticky":false,"template":"","format":"standard","meta":{"footnotes":""},"categories":[253,436],"tags":[],"class_list":["post-189739","post","type-post","status-publish","format-standard","has-post-thumbnail","hentry","category-cidade","category-destaque-da-semana"],"_links":{"self":[{"href":"https:\/\/diarioregionaldigital.com.br\/index.php?rest_route=\/wp\/v2\/posts\/189739","targetHints":{"allow":["GET"]}}],"collection":[{"href":"https:\/\/diarioregionaldigital.com.br\/index.php?rest_route=\/wp\/v2\/posts"}],"about":[{"href":"https:\/\/diarioregionaldigital.com.br\/index.php?rest_route=\/wp\/v2\/types\/post"}],"author":[{"embeddable":true,"href":"https:\/\/diarioregionaldigital.com.br\/index.php?rest_route=\/wp\/v2\/users\/246"}],"replies":[{"embeddable":true,"href":"https:\/\/diarioregionaldigital.com.br\/index.php?rest_route=%2Fwp%2Fv2%2Fcomments&post=189739"}],"version-history":[{"count":1,"href":"https:\/\/diarioregionaldigital.com.br\/index.php?rest_route=\/wp\/v2\/posts\/189739\/revisions"}],"predecessor-version":[{"id":189741,"href":"https:\/\/diarioregionaldigital.com.br\/index.php?rest_route=\/wp\/v2\/posts\/189739\/revisions\/189741"}],"wp:featuredmedia":[{"embeddable":true,"href":"https:\/\/diarioregionaldigital.com.br\/index.php?rest_route=\/wp\/v2\/media\/189740"}],"wp:attachment":[{"href":"https:\/\/diarioregionaldigital.com.br\/index.php?rest_route=%2Fwp%2Fv2%2Fmedia&parent=189739"}],"wp:term":[{"taxonomy":"category","embeddable":true,"href":"https:\/\/diarioregionaldigital.com.br\/index.php?rest_route=%2Fwp%2Fv2%2Fcategories&post=189739"},{"taxonomy":"post_tag","embeddable":true,"href":"https:\/\/diarioregionaldigital.com.br\/index.php?rest_route=%2Fwp%2Fv2%2Ftags&post=189739"}],"curies":[{"name":"wp","href":"https:\/\/api.w.org\/{rel}","templated":true}]}}