{"id":189735,"date":"2021-10-15T19:15:19","date_gmt":"2021-10-15T22:15:19","guid":{"rendered":"https:\/\/diarioregionaldigital.com.br\/?p=189735"},"modified":"2021-10-15T19:15:19","modified_gmt":"2021-10-15T22:15:19","slug":"servidores-e-voluntarios-se-mobilizam-em-acao-ambiental-no-centro","status":"publish","type":"post","link":"https:\/\/diarioregionaldigital.com.br\/?p=189735","title":{"rendered":"Servidores e volunt\u00e1rios se mobilizam em a\u00e7\u00e3o ambiental no Centro"},"content":{"rendered":"<div id=\"box_texto_noticia\">Segundo informa\u00e7\u00f5es do site da Prefeitura de Juiz de Fora, a equipe t\u00e9cnica da Secretaria de Sustentabilidade em Meio Ambiente e Atividades Urbanas (Sesmaur) da Prefeitura de Juiz de Fora (PJF), em parceria com funcion\u00e1rios do Departamento Municipal de Limpeza Urbana (Demlurb), realizou a primeira coleta de sementes de Ip\u00eas pelas ruas do centro da cidade. A a\u00e7\u00e3o aconteceu nesta sexta-feira, 15, e contou com a colabora\u00e7\u00e3o dos volunt\u00e1rios inscritos no programa de voluntariado das \u00e1reas verdes municipais. O objetivo \u00e9 incentivar a participa\u00e7\u00e3o popular no projeto de aproveitamento de sementes das \u00e1rvores, lan\u00e7ado no \u00faltimo domingo, dia 10.<\/p>\n<p><b>O projeto<\/b><\/p>\n<p>A proposta do Projeto \u201cFlorescer &#8211; coletar hoje, semear amanh\u00e3&#8221; consiste, neste momento, em coletar, com o apoio da popula\u00e7\u00e3o, sementes de Ip\u00eas para devolv\u00ea-las \u00e0 natureza. A iniciativa, al\u00e9m de \ufb02orir a cidade com as cores do ip\u00ea, ir\u00e1 contribuir na recupera\u00e7\u00e3o das \u00e1reas urbanas.<\/p>\n<p>As pessoas interessadas em participar das a\u00e7\u00f5es dever\u00e3o recolher as sementes de ip\u00eas, ca\u00eddas ao ch\u00e3o, armazenar em qualquer recipiente seco, e entregar nos postos de recolhimento da campanha.<\/p>\n<p><b>Postos de recolhimento:<\/b><\/p>\n<p>-Sesmaur: (Pr\u00e9dio da Cesama) Avenida Bar\u00e3o do Rio Branco, 1.843, no Centro, das 8h \u00e0s 18h, de segunda-feira \u00e0 sexta-feira.<\/p>\n<p>-Rua do Brincar: Trecho da Avenida Brasil entre a Rua Benjamin Constant e a Rua Mal. Setembrino de Carvalho (Ponte do Ladeira), das 8h \u00e0s 12h &#8211; Todos os domingos.<\/p>\n<p>-Parque da Lajinha: Av. Deusdedith Salgado &#8211; Teixeiras, das 8h \u00e0s 16h &#8211; De ter\u00e7a-feira a domingo.<\/p>\n<p>-Demlurb: Centro de Apoio &#8211; Zona Norte<br \/>\nAvenida Juscelino Kubitschek, 6.170 &#8211; Bairro Ara\u00fajo Funcionamento:<br \/>\nDas 7h \u00e1s 17h &#8211; segunda a sexta<br \/>\nDas 7h \u00e0s 12h &#8211; s\u00e1bado<\/p><\/div>\n<p>&nbsp;<\/p>\n<div id=\"box_compartilhar\" align=\"right\"><\/div>\n","protected":false},"excerpt":{"rendered":"<p>Segundo informa\u00e7\u00f5es do site da Prefeitura de Juiz de Fora, a equipe t\u00e9cnica da Secretaria de Sustentabilidade em Meio Ambiente e Atividades Urbanas (Sesmaur) da Prefeitura de Juiz de Fora (PJF), em parceria com funcion\u00e1rios do Departamento Municipal de Limpeza Urbana (Demlurb), realizou a primeira coleta de sementes de Ip\u00eas pelas ruas do centro da [&hellip;]<\/p>\n","protected":false},"author":246,"featured_media":189737,"comment_status":"closed","ping_status":"closed","sticky":false,"template":"","format":"standard","meta":{"footnotes":""},"categories":[253,436],"tags":[],"class_list":["post-189735","post","type-post","status-publish","format-standard","has-post-thumbnail","hentry","category-cidade","category-destaque-da-semana"],"_links":{"self":[{"href":"https:\/\/diarioregionaldigital.com.br\/index.php?rest_route=\/wp\/v2\/posts\/189735","targetHints":{"allow":["GET"]}}],"collection":[{"href":"https:\/\/diarioregionaldigital.com.br\/index.php?rest_route=\/wp\/v2\/posts"}],"about":[{"href":"https:\/\/diarioregionaldigital.com.br\/index.php?rest_route=\/wp\/v2\/types\/post"}],"author":[{"embeddable":true,"href":"https:\/\/diarioregionaldigital.com.br\/index.php?rest_route=\/wp\/v2\/users\/246"}],"replies":[{"embeddable":true,"href":"https:\/\/diarioregionaldigital.com.br\/index.php?rest_route=%2Fwp%2Fv2%2Fcomments&post=189735"}],"version-history":[{"count":1,"href":"https:\/\/diarioregionaldigital.com.br\/index.php?rest_route=\/wp\/v2\/posts\/189735\/revisions"}],"predecessor-version":[{"id":189738,"href":"https:\/\/diarioregionaldigital.com.br\/index.php?rest_route=\/wp\/v2\/posts\/189735\/revisions\/189738"}],"wp:featuredmedia":[{"embeddable":true,"href":"https:\/\/diarioregionaldigital.com.br\/index.php?rest_route=\/wp\/v2\/media\/189737"}],"wp:attachment":[{"href":"https:\/\/diarioregionaldigital.com.br\/index.php?rest_route=%2Fwp%2Fv2%2Fmedia&parent=189735"}],"wp:term":[{"taxonomy":"category","embeddable":true,"href":"https:\/\/diarioregionaldigital.com.br\/index.php?rest_route=%2Fwp%2Fv2%2Fcategories&post=189735"},{"taxonomy":"post_tag","embeddable":true,"href":"https:\/\/diarioregionaldigital.com.br\/index.php?rest_route=%2Fwp%2Fv2%2Ftags&post=189735"}],"curies":[{"name":"wp","href":"https:\/\/api.w.org\/{rel}","templated":true}]}}