{"id":189732,"date":"2021-10-15T19:11:03","date_gmt":"2021-10-15T22:11:03","guid":{"rendered":"https:\/\/diarioregionaldigital.com.br\/?p=189732"},"modified":"2021-10-15T19:11:03","modified_gmt":"2021-10-15T22:11:03","slug":"smu-amplia-circulacao-de-linhas-de-onibus-devido-a-volta-as-aulas-do-ensino-superior","status":"publish","type":"post","link":"https:\/\/diarioregionaldigital.com.br\/?p=189732","title":{"rendered":"SMU amplia circula\u00e7\u00e3o de linhas de \u00f4nibus devido \u00e0 volta \u00e0s aulas do ensino superior"},"content":{"rendered":"<p>Devido ao retorno das aulas para novos estudantes, incluindo os universit\u00e1rios, a Secretaria de Mobilidade Urbana (SMU) montou um esquema especial do transporte coletivo urbano, a partir de segunda-feira, 18. A amplia\u00e7\u00e3o de linhas ser\u00e1 principalmente nos momentos de in\u00edcio e t\u00e9rmino das turmas. O esquema de otimiza\u00e7\u00e3o do servi\u00e7o oferecido ao usu\u00e1rio vai atingir 29 linhas no total, sendo cinco com retorno \u00e0 opera\u00e7\u00e3o e as outras 24 com implementa\u00e7\u00e3o de carros extras ou altera\u00e7\u00e3o do quadro de hor\u00e1rio.<\/p>\n<p>Segundo informa\u00e7\u00f5es do site da Prefeitura de Juiz de Fora, os t\u00e9cnicos da SMU v\u00e3o realizar monitoramento constante para avaliar a necessidade ou n\u00e3o de modifica\u00e7\u00f5es. Os novos quadros de hor\u00e1rios que entrar\u00e3o em vigor poder\u00e3o ser consultados a partir desta segunda-feira por meio do Portal da PJF. Confira as linhas de \u00f4nibus que ser\u00e3o ampliadas:<\/p>\n<p>125 \u2013 Eldorado \/ Jardim Am\u00e9rica: O carro extra se tornar\u00e1 fixo.<\/p>\n<p>134 \u2013 Bandeirantes \/ Santa Efig\u00eania: retorno operacional da linha.<\/p>\n<p>136 \u2013 Bandeirantes \/ Via Garganta do Dilermando \/ Santa Efig\u00eania: inclus\u00e3o de mais um carro extra.<\/p>\n<p>142 \u2013 Bandeirantes \/ Bela Aurora: retorno operacional da linha.<\/p>\n<p>141 \u2013 Bandeirantes \/ Bela Aurora: ajuste do quadro de hor\u00e1rios.<\/p>\n<p>143 \u2013 Bela Aurora \/ Centro: ajuste do quadro de hor\u00e1rio.<\/p>\n<p>204 \u2013 Santa Paula \/ Centro: retorno operacional da linha.<\/p>\n<p>203 \u2013 Marumbi: ajuste do quadro de hor\u00e1rio.<\/p>\n<p>207 \u2013 Marumbi: ajuste do quadro de hor\u00e1rio.<\/p>\n<p>209 \u2013 Marumbi: ajuste do quadro de hor\u00e1rio.<\/p>\n<p>301 \u2013 Usina Quatro: ajustes dos quadros de hor\u00e1rios.<\/p>\n<p>304 \u2013 Caet\u00e9: inclus\u00e3o de mais um carro extra.<\/p>\n<p>335 \u2013 Granjas Bethel: ajuste do quadro de hor\u00e1rio.<\/p>\n<p>400 \u2013 Alto Graja\u00fa: retorno operacional da linha.<\/p>\n<p>402 \u2013 Alto Graja\u00fa: ajuste do quadro de hor\u00e1rios.<\/p>\n<p>429 \u2013 Linhares: ajuste do quadro de hor\u00e1rios.<\/p>\n<p>432 \u2013 S\u00e3o Benedito: inclus\u00e3o de mais um carro extra.<\/p>\n<p>436 \u2013 Linhares: O carro extra se tornar\u00e1 fixo.<\/p>\n<p>439 \u2013 Santo Ant\u00f4nio: inclus\u00e3o de mais um carro extra.<\/p>\n<p>440 \u2013 Santo Ant\u00f4nio: inclus\u00e3o de mais um carro extra.<\/p>\n<p>521 \u2013 Teixeiras: O carro extra se tornar\u00e1 fixo<\/p>\n<p>522 \u2013 Teixeiras: ajuste do quadro de hor\u00e1rios.<\/p>\n<p>525 \u2013 Universidade: inclus\u00e3o de um carro extra.<\/p>\n<p>527 \u2013 Santa Cec\u00edlia: O carro extra se tornar\u00e1 fixo.<\/p>\n<p>549 \u2013 Nova Germ\u00e2nia: O carro extra se tornar\u00e1 fixo e a linha retornar\u00e1 o atendimento \u00e0 Escola Municipal Augusto Gotardelo.<\/p>\n<p>608 \u2013 Milho Branco: inclus\u00e3o de mais 1 carro fixo.<\/p>\n<p>706 \u2013 Cidade do Sol: ajuste do quadro de hor\u00e1rios.<\/p>\n<p>707 \u2013 Cidade do Sol: ajuste do quadro de hor\u00e1rio.<\/p>\n<p>734 \u2013 Cidade do Sol \/ Santa Maria: retorno operacional da linha.<\/p>\n","protected":false},"excerpt":{"rendered":"<p>Devido ao retorno das aulas para novos estudantes, incluindo os universit\u00e1rios, a Secretaria de Mobilidade Urbana (SMU) montou um esquema especial do transporte coletivo urbano, a partir de segunda-feira, 18. A amplia\u00e7\u00e3o de linhas ser\u00e1 principalmente nos momentos de in\u00edcio e t\u00e9rmino das turmas. O esquema de otimiza\u00e7\u00e3o do servi\u00e7o oferecido ao usu\u00e1rio vai atingir [&hellip;]<\/p>\n","protected":false},"author":246,"featured_media":189733,"comment_status":"closed","ping_status":"closed","sticky":false,"template":"","format":"standard","meta":{"footnotes":""},"categories":[253,436],"tags":[],"class_list":["post-189732","post","type-post","status-publish","format-standard","has-post-thumbnail","hentry","category-cidade","category-destaque-da-semana"],"_links":{"self":[{"href":"https:\/\/diarioregionaldigital.com.br\/index.php?rest_route=\/wp\/v2\/posts\/189732","targetHints":{"allow":["GET"]}}],"collection":[{"href":"https:\/\/diarioregionaldigital.com.br\/index.php?rest_route=\/wp\/v2\/posts"}],"about":[{"href":"https:\/\/diarioregionaldigital.com.br\/index.php?rest_route=\/wp\/v2\/types\/post"}],"author":[{"embeddable":true,"href":"https:\/\/diarioregionaldigital.com.br\/index.php?rest_route=\/wp\/v2\/users\/246"}],"replies":[{"embeddable":true,"href":"https:\/\/diarioregionaldigital.com.br\/index.php?rest_route=%2Fwp%2Fv2%2Fcomments&post=189732"}],"version-history":[{"count":1,"href":"https:\/\/diarioregionaldigital.com.br\/index.php?rest_route=\/wp\/v2\/posts\/189732\/revisions"}],"predecessor-version":[{"id":189734,"href":"https:\/\/diarioregionaldigital.com.br\/index.php?rest_route=\/wp\/v2\/posts\/189732\/revisions\/189734"}],"wp:featuredmedia":[{"embeddable":true,"href":"https:\/\/diarioregionaldigital.com.br\/index.php?rest_route=\/wp\/v2\/media\/189733"}],"wp:attachment":[{"href":"https:\/\/diarioregionaldigital.com.br\/index.php?rest_route=%2Fwp%2Fv2%2Fmedia&parent=189732"}],"wp:term":[{"taxonomy":"category","embeddable":true,"href":"https:\/\/diarioregionaldigital.com.br\/index.php?rest_route=%2Fwp%2Fv2%2Fcategories&post=189732"},{"taxonomy":"post_tag","embeddable":true,"href":"https:\/\/diarioregionaldigital.com.br\/index.php?rest_route=%2Fwp%2Fv2%2Ftags&post=189732"}],"curies":[{"name":"wp","href":"https:\/\/api.w.org\/{rel}","templated":true}]}}