{"id":189722,"date":"2021-10-15T18:52:16","date_gmt":"2021-10-15T21:52:16","guid":{"rendered":"https:\/\/diarioregionaldigital.com.br\/?p=189722"},"modified":"2021-10-15T18:52:16","modified_gmt":"2021-10-15T21:52:16","slug":"rebeca-andrade-participara-de-tres-aparelhos-no-mundial-de-kitakyushu","status":"publish","type":"post","link":"https:\/\/diarioregionaldigital.com.br\/?p=189722","title":{"rendered":"Rebeca Andrade participar\u00e1 de tr\u00eas aparelhos no Mundial de Kitakyushu"},"content":{"rendered":"<p>A equipe brasileira de gin\u00e1stica est\u00e1 na reta final da prepara\u00e7\u00e3o para o mundial da modalidade que acontece em Kitakyushu (Jap\u00e3o) entre os dias 18 e 24 de outubro. E uma das grandes esperan\u00e7as do Brasil na competi\u00e7\u00e3o \u00e9 a medalhista ol\u00edmpica Rebeca Andrade, que no evento participar\u00e1 apenas de tr\u00eas aparelhos (salto, paralela e trave), n\u00e3o disputando o individual geral.<img decoding=\"async\" src=\"https:\/\/agenciabrasil.ebc.com.br\/ebc.png?id=1424607&amp;o=node\" \/><img decoding=\"async\" src=\"https:\/\/agenciabrasil.ebc.com.br\/ebc.gif?id=1424607&amp;o=node\" \/><\/p>\n<p>Esta decis\u00e3o segue um planejamento que foi tra\u00e7ado para a Olimp\u00edada de 2024 (Paris). \u201cA equipe discutiu e analisou esta longa temporada e a alta exig\u00eancia at\u00e9 aqui. Entendemos que, para que a Rebeca possa fazer o solo com bom n\u00edvel t\u00e9cnico e seguro, a carga de treinamentos precisaria ser maior e mais complexa, nesse momento p\u00f3s-Olimp\u00edada e planejamento a longo prazo n\u00e3o seria adequado. Rebeca segue competitiva no salto, barra e trave e vamos buscar a classifica\u00e7\u00e3o para as finais. Ap\u00f3s o Mundial ela far\u00e1 um per\u00edodo de descanso necess\u00e1rio e merecido, para se preparar para o novo ciclo\u201d, declarou o t\u00e9cnico da atleta, Francisco Porath, \u00e0 Confedera\u00e7\u00e3o Brasileira de Gin\u00e1stica.<\/p>\n<p>Apesar da vontade de voltar a brilhar no solo sob o ritmo do Baile de Favela, Rebeca Andrade afirma que considera a decis\u00e3o acertada, que lhe permitir\u00e1 alcan\u00e7ar novas conquistas no futuro: \u201cPrecau\u00e7\u00e3o, planejamento, an\u00e1lise m\u00e9dica e f\u00edsica e respeito com o meu corpo. Venho de um momento em que fiz uma prepara\u00e7\u00e3o muito dif\u00edcil. Para chegar aqui e fazer o mesmo solo que vinha fazendo, exigiria muito do meu corpo. Sei que todos gostariam de me ver fazendo Baile de Favela. Eu tamb\u00e9m! Mas tenho que ser inteligente agora e saber que este n\u00e3o \u00e9 o momento. Mas n\u00e3o fiquem tristes! Logo, logo o meu solo estar\u00e1 de volta\u201d.<\/p>\n<p>Rebeca Andrade \u00e9 a \u00fanica representante do Brasil no feminino. Na disputa masculina a equipe brasileira contar\u00e1 com Arthur Nory, Caio Souza e Lu\u00eds Porto.<\/p>\n<p><span style=\"font-weight: 400;\">Fonte: Ag\u00eancia Brasil <\/span><\/p>\n","protected":false},"excerpt":{"rendered":"<p>A equipe brasileira de gin\u00e1stica est\u00e1 na reta final da prepara\u00e7\u00e3o para o mundial da modalidade que acontece em Kitakyushu (Jap\u00e3o) entre os dias 18 e 24 de outubro. E uma das grandes esperan\u00e7as do Brasil na competi\u00e7\u00e3o \u00e9 a medalhista ol\u00edmpica Rebeca Andrade, que no evento participar\u00e1 apenas de tr\u00eas aparelhos (salto, paralela e [&hellip;]<\/p>\n","protected":false},"author":246,"featured_media":189723,"comment_status":"closed","ping_status":"closed","sticky":false,"template":"","format":"standard","meta":{"footnotes":""},"categories":[436,257],"tags":[],"class_list":["post-189722","post","type-post","status-publish","format-standard","has-post-thumbnail","hentry","category-destaque-da-semana","category-esporte"],"_links":{"self":[{"href":"https:\/\/diarioregionaldigital.com.br\/index.php?rest_route=\/wp\/v2\/posts\/189722","targetHints":{"allow":["GET"]}}],"collection":[{"href":"https:\/\/diarioregionaldigital.com.br\/index.php?rest_route=\/wp\/v2\/posts"}],"about":[{"href":"https:\/\/diarioregionaldigital.com.br\/index.php?rest_route=\/wp\/v2\/types\/post"}],"author":[{"embeddable":true,"href":"https:\/\/diarioregionaldigital.com.br\/index.php?rest_route=\/wp\/v2\/users\/246"}],"replies":[{"embeddable":true,"href":"https:\/\/diarioregionaldigital.com.br\/index.php?rest_route=%2Fwp%2Fv2%2Fcomments&post=189722"}],"version-history":[{"count":2,"href":"https:\/\/diarioregionaldigital.com.br\/index.php?rest_route=\/wp\/v2\/posts\/189722\/revisions"}],"predecessor-version":[{"id":189725,"href":"https:\/\/diarioregionaldigital.com.br\/index.php?rest_route=\/wp\/v2\/posts\/189722\/revisions\/189725"}],"wp:featuredmedia":[{"embeddable":true,"href":"https:\/\/diarioregionaldigital.com.br\/index.php?rest_route=\/wp\/v2\/media\/189723"}],"wp:attachment":[{"href":"https:\/\/diarioregionaldigital.com.br\/index.php?rest_route=%2Fwp%2Fv2%2Fmedia&parent=189722"}],"wp:term":[{"taxonomy":"category","embeddable":true,"href":"https:\/\/diarioregionaldigital.com.br\/index.php?rest_route=%2Fwp%2Fv2%2Fcategories&post=189722"},{"taxonomy":"post_tag","embeddable":true,"href":"https:\/\/diarioregionaldigital.com.br\/index.php?rest_route=%2Fwp%2Fv2%2Ftags&post=189722"}],"curies":[{"name":"wp","href":"https:\/\/api.w.org\/{rel}","templated":true}]}}