{"id":189719,"date":"2021-10-15T18:49:57","date_gmt":"2021-10-15T21:49:57","guid":{"rendered":"https:\/\/diarioregionaldigital.com.br\/?p=189719"},"modified":"2021-10-15T18:49:57","modified_gmt":"2021-10-15T21:49:57","slug":"formula-1-anuncia-temporada-2022-com-recorde-de-23-corridas","status":"publish","type":"post","link":"https:\/\/diarioregionaldigital.com.br\/?p=189719","title":{"rendered":"F\u00f3rmula 1 anuncia temporada 2022 com recorde de 23 corridas"},"content":{"rendered":"<p>A temporada do ano que vem de F\u00f3rmula1 ter\u00e1 23 corridas, uma a mais que o total de provas deste ano. O Grande Pr\u00eamio (GP) do Bahrein abre o campeonato mundial no dia 20 de mar\u00e7o e o GP do Abu Dhabi ser\u00e1 a \u00faltima em 20 de novembro. A principal novidade \u00e9 a estreia da etapa de Miami em 8 de maio. O\u00a0GP do Brasil, no circuito de Interlagos, ser\u00e1 em\u00a013 de novembro, pen\u00faltima etapa do Mundial.\u00a0\u00a0<img decoding=\"async\" src=\"https:\/\/agenciabrasil.ebc.com.br\/ebc.png?id=1424589&amp;o=node\" \/><img decoding=\"async\" src=\"https:\/\/agenciabrasil.ebc.com.br\/ebc.gif?id=1424589&amp;o=node\" \/><\/p>\n<p>\u201cEstamos entusiasmados em anunciar o calend\u00e1rio de 2022 enquanto nos preparamos para entrar em uma nova era para o esporte com novos regulamentos e carros para o pr\u00f3ximo ano que s\u00e3o projetados para criar corridas mais disputadas\u201d, afirmou o Stefano Domenicali, presidente e diretor-executivo da F1.<\/p>\n<p>A China permancer\u00e1 fora do calend\u00e1rio de 2022, por conta da pandemia de covid-19. O GP do pa\u00eds asi\u00e1tico vem sendo substitu\u00eddo desde 2019 pelo circuito de \u00cdmola. Ano que vem a\u00a0\u00a0prova Em\u00edlia Romagna ocorrer\u00e1 em 23 de abril.\u00a0 Tr\u00eas corridas retornaram ao calend\u00e1rio de 2022 &#8211; GPs da Austr\u00e1lia, Singapura e Jap\u00e3o &#8211; ap\u00f3s cancelamento este ano, tamb\u00e9m em raz\u00e3o da covid-19.<\/p>\n<p>\u201cNos \u00faltimos dois anos, a F1 demonstrou not\u00e1vel resili\u00eancia. Isso \u00e9 claramente demonstrado pelo crescimento cont\u00ednuo do esporte, apesar dos desafios importantes da pandemia\u201d, analisou Jean Todt, presidente da Federa\u00e7\u00e3o Internacional de Automobilismo (FIA, sigla em ingl\u00eas).<\/p>\n<p><span style=\"font-weight: 400;\">Fonte: Ag\u00eancia Brasil <\/span><\/p>\n","protected":false},"excerpt":{"rendered":"<p>A temporada do ano que vem de F\u00f3rmula1 ter\u00e1 23 corridas, uma a mais que o total de provas deste ano. O Grande Pr\u00eamio (GP) do Bahrein abre o campeonato mundial no dia 20 de mar\u00e7o e o GP do Abu Dhabi ser\u00e1 a \u00faltima em 20 de novembro. A principal novidade \u00e9 a estreia [&hellip;]<\/p>\n","protected":false},"author":246,"featured_media":189720,"comment_status":"closed","ping_status":"closed","sticky":false,"template":"","format":"standard","meta":{"footnotes":""},"categories":[436,257],"tags":[],"class_list":["post-189719","post","type-post","status-publish","format-standard","has-post-thumbnail","hentry","category-destaque-da-semana","category-esporte"],"_links":{"self":[{"href":"https:\/\/diarioregionaldigital.com.br\/index.php?rest_route=\/wp\/v2\/posts\/189719","targetHints":{"allow":["GET"]}}],"collection":[{"href":"https:\/\/diarioregionaldigital.com.br\/index.php?rest_route=\/wp\/v2\/posts"}],"about":[{"href":"https:\/\/diarioregionaldigital.com.br\/index.php?rest_route=\/wp\/v2\/types\/post"}],"author":[{"embeddable":true,"href":"https:\/\/diarioregionaldigital.com.br\/index.php?rest_route=\/wp\/v2\/users\/246"}],"replies":[{"embeddable":true,"href":"https:\/\/diarioregionaldigital.com.br\/index.php?rest_route=%2Fwp%2Fv2%2Fcomments&post=189719"}],"version-history":[{"count":1,"href":"https:\/\/diarioregionaldigital.com.br\/index.php?rest_route=\/wp\/v2\/posts\/189719\/revisions"}],"predecessor-version":[{"id":189721,"href":"https:\/\/diarioregionaldigital.com.br\/index.php?rest_route=\/wp\/v2\/posts\/189719\/revisions\/189721"}],"wp:featuredmedia":[{"embeddable":true,"href":"https:\/\/diarioregionaldigital.com.br\/index.php?rest_route=\/wp\/v2\/media\/189720"}],"wp:attachment":[{"href":"https:\/\/diarioregionaldigital.com.br\/index.php?rest_route=%2Fwp%2Fv2%2Fmedia&parent=189719"}],"wp:term":[{"taxonomy":"category","embeddable":true,"href":"https:\/\/diarioregionaldigital.com.br\/index.php?rest_route=%2Fwp%2Fv2%2Fcategories&post=189719"},{"taxonomy":"post_tag","embeddable":true,"href":"https:\/\/diarioregionaldigital.com.br\/index.php?rest_route=%2Fwp%2Fv2%2Ftags&post=189719"}],"curies":[{"name":"wp","href":"https:\/\/api.w.org\/{rel}","templated":true}]}}