{"id":189712,"date":"2021-10-15T15:41:30","date_gmt":"2021-10-15T18:41:30","guid":{"rendered":"https:\/\/diarioregionaldigital.com.br\/?p=189712"},"modified":"2021-10-15T15:41:30","modified_gmt":"2021-10-15T18:41:30","slug":"tse-usara-credito-extra-para-divulgar-urnas-eletronicas-no-exterior","status":"publish","type":"post","link":"https:\/\/diarioregionaldigital.com.br\/?p=189712","title":{"rendered":"TSE usar\u00e1 cr\u00e9dito extra para divulgar urnas eletr\u00f4nicas no exterior"},"content":{"rendered":"<p>O presidente Jair Bolsonaro sancionou nesta quinta-feira (14) uma lei que abre um cr\u00e9dito especial em favor da Justi\u00e7a Eleitoral no valor de R$ 944,4 mil. O cr\u00e9dito vai possibilitar uma contribui\u00e7\u00e3o volunt\u00e1ria ao Instituto Internacional para a Democracia e a Assist\u00eancia Eleitoral, com a finalidade de favorecer a promo\u00e7\u00e3o do sistema brasileiro de vota\u00e7\u00e3o eletr\u00f4nica no exterior.<img decoding=\"async\" src=\"https:\/\/agenciabrasil.ebc.com.br\/ebc.png?id=1424521&amp;o=node\" \/><img decoding=\"async\" src=\"https:\/\/agenciabrasil.ebc.com.br\/ebc.gif?id=1424521&amp;o=node\" \/><\/p>\n<p>O recurso tamb\u00e9m ser\u00e1 usado como contribui\u00e7\u00e3o volunt\u00e1ria ao Fundo de Miss\u00f5es de Observa\u00e7\u00e3o Eleitoral do Departamento de Coopera\u00e7\u00e3o e Observa\u00e7\u00e3o Eleitoral da Organiza\u00e7\u00e3o dos Estados Americano (OEA), que viabiliza a vinda de observadores estrangeiros para acompanhar o processo eleitoral brasileiro. O pa\u00eds ter\u00e1 elei\u00e7\u00f5es gerais em outubro do ano que vem.<\/p>\n<p>Tamb\u00e9m ser\u00e1 viabilizada a contribui\u00e7\u00e3o volunt\u00e1ria ao Instituto Interamericano de Direitos Humanos da Uni\u00e3o Interamericana de Organismos Eleitorais (Uniore), a fim de estimular a participa\u00e7\u00e3o do Tribunal Superior Eleitoral (TSE) em miss\u00f5es de observa\u00e7\u00e3o em processos eleitorais coordenados pela Uni\u00e3o Interamericana de Organiza\u00e7\u00f5es Eleitorais.<\/p>\n<p>Segundo a Secretaria-Geral da Presid\u00eancia da Rep\u00fablica, a abertura de cr\u00e9dito para a Justi\u00e7a Eleitoral foi poss\u00edvel a partir do cancelamento e remanejamento de outras despesas or\u00e7ament\u00e1rias.<\/p>\n<p>&#8220;Por se tratar de simples remanejamento de dota\u00e7\u00f5es, a medida n\u00e3o afeta o cumprimento do teto de gastos nem a obten\u00e7\u00e3o de resultado prim\u00e1rio&#8221;, informou a pasta.<\/p>\n<p><span style=\"font-weight: 400;\">Fonte: Ag\u00eancia Brasil <\/span><\/p>\n","protected":false},"excerpt":{"rendered":"<p>O presidente Jair Bolsonaro sancionou nesta quinta-feira (14) uma lei que abre um cr\u00e9dito especial em favor da Justi\u00e7a Eleitoral no valor de R$ 944,4 mil. O cr\u00e9dito vai possibilitar uma contribui\u00e7\u00e3o volunt\u00e1ria ao Instituto Internacional para a Democracia e a Assist\u00eancia Eleitoral, com a finalidade de favorecer a promo\u00e7\u00e3o do sistema brasileiro de vota\u00e7\u00e3o [&hellip;]<\/p>\n","protected":false},"author":246,"featured_media":189713,"comment_status":"closed","ping_status":"closed","sticky":false,"template":"","format":"standard","meta":{"footnotes":""},"categories":[436,254],"tags":[],"class_list":["post-189712","post","type-post","status-publish","format-standard","has-post-thumbnail","hentry","category-destaque-da-semana","category-politica"],"_links":{"self":[{"href":"https:\/\/diarioregionaldigital.com.br\/index.php?rest_route=\/wp\/v2\/posts\/189712","targetHints":{"allow":["GET"]}}],"collection":[{"href":"https:\/\/diarioregionaldigital.com.br\/index.php?rest_route=\/wp\/v2\/posts"}],"about":[{"href":"https:\/\/diarioregionaldigital.com.br\/index.php?rest_route=\/wp\/v2\/types\/post"}],"author":[{"embeddable":true,"href":"https:\/\/diarioregionaldigital.com.br\/index.php?rest_route=\/wp\/v2\/users\/246"}],"replies":[{"embeddable":true,"href":"https:\/\/diarioregionaldigital.com.br\/index.php?rest_route=%2Fwp%2Fv2%2Fcomments&post=189712"}],"version-history":[{"count":2,"href":"https:\/\/diarioregionaldigital.com.br\/index.php?rest_route=\/wp\/v2\/posts\/189712\/revisions"}],"predecessor-version":[{"id":189715,"href":"https:\/\/diarioregionaldigital.com.br\/index.php?rest_route=\/wp\/v2\/posts\/189712\/revisions\/189715"}],"wp:featuredmedia":[{"embeddable":true,"href":"https:\/\/diarioregionaldigital.com.br\/index.php?rest_route=\/wp\/v2\/media\/189713"}],"wp:attachment":[{"href":"https:\/\/diarioregionaldigital.com.br\/index.php?rest_route=%2Fwp%2Fv2%2Fmedia&parent=189712"}],"wp:term":[{"taxonomy":"category","embeddable":true,"href":"https:\/\/diarioregionaldigital.com.br\/index.php?rest_route=%2Fwp%2Fv2%2Fcategories&post=189712"},{"taxonomy":"post_tag","embeddable":true,"href":"https:\/\/diarioregionaldigital.com.br\/index.php?rest_route=%2Fwp%2Fv2%2Ftags&post=189712"}],"curies":[{"name":"wp","href":"https:\/\/api.w.org\/{rel}","templated":true}]}}