{"id":189705,"date":"2021-10-15T15:37:01","date_gmt":"2021-10-15T18:37:01","guid":{"rendered":"https:\/\/diarioregionaldigital.com.br\/?p=189705"},"modified":"2021-10-15T15:37:01","modified_gmt":"2021-10-15T18:37:01","slug":"decreto-regulamenta-renegociacao-de-dividas-dos-fundos-constitucionais","status":"publish","type":"post","link":"https:\/\/diarioregionaldigital.com.br\/?p=189705","title":{"rendered":"Decreto regulamenta renegocia\u00e7\u00e3o de d\u00edvidas dos fundos constitucionais"},"content":{"rendered":"<p>O presidente Jair Bolsonaro editou nesta quinta-feira (14) um decreto para regulamentar crit\u00e9rios, percentuais e condi\u00e7\u00f5es gerais das renegocia\u00e7\u00e3o extraordin\u00e1ria de opera\u00e7\u00f5es de cr\u00e9dito no \u00e2mbito do Fundo Constitucional de Financiamento do Norte (FNO), do Fundo Constitucional de Financiamento do Nordeste (FNE) e do Fundo Constitucional de Financiamento do Centro-Oeste (FCO). A \u00edntegra do decreto deve ser publicada na edi\u00e7\u00e3o do Di\u00e1rio Oficial da Uni\u00e3o desta sexta-feira (15).\u00a0<img decoding=\"async\" src=\"https:\/\/agenciabrasil.ebc.com.br\/ebc.png?id=1424516&amp;o=node\" \/><img decoding=\"async\" src=\"https:\/\/agenciabrasil.ebc.com.br\/ebc.gif?id=1424516&amp;o=node\" \/><\/p>\n<p>Segundo o governo, a proposta engloba opera\u00e7\u00f5es cuja contrata\u00e7\u00e3o tenha pelo menos sete anos de vig\u00eancia e que tenham sido provisionadas ou lan\u00e7adas a preju\u00edzo no balan\u00e7o dos bancos administradores.<\/p>\n<p>&#8220;A renegocia\u00e7\u00e3o autorizada tem possibilidade de reduzir a inadimpl\u00eancia que inviabiliza a retomada dos investimentos. A medida foca nos pequenos devedores, j\u00e1 que quase 90% das opera\u00e7\u00f5es t\u00eam valor consolidado inferior a R$ 100 mil&#8221;, informou a Secretaria-Geral da Presid\u00eancia, em nota para divulgar a medida.<\/p>\n<p>Os fundos constitucionais, criados em 1989, t\u00eam o objetivo de contribuir para o desenvolvimento econ\u00f4mico e social das Regi\u00f5es Centro-Oeste, Nordeste e Norte, por meio das institui\u00e7\u00f5es financeiras federais de car\u00e1ter regional, mediante a execu\u00e7\u00e3o de programas de financiamento aos setores produtivos. A composi\u00e7\u00e3o dos recursos desses fundos se d\u00e1 a partir de parcelas de recursos destacados de tributos como o Imposto sobre Produtos Industriais (IPI) e Imposto de Renda (IR).<\/p>\n<p><span style=\"font-weight: 400;\">Fonte: Ag\u00eancia Brasil <\/span><\/p>\n","protected":false},"excerpt":{"rendered":"<p>O presidente Jair Bolsonaro editou nesta quinta-feira (14) um decreto para regulamentar crit\u00e9rios, percentuais e condi\u00e7\u00f5es gerais das renegocia\u00e7\u00e3o extraordin\u00e1ria de opera\u00e7\u00f5es de cr\u00e9dito no \u00e2mbito do Fundo Constitucional de Financiamento do Norte (FNO), do Fundo Constitucional de Financiamento do Nordeste (FNE) e do Fundo Constitucional de Financiamento do Centro-Oeste (FCO). A \u00edntegra do decreto [&hellip;]<\/p>\n","protected":false},"author":246,"featured_media":189706,"comment_status":"closed","ping_status":"closed","sticky":false,"template":"","format":"standard","meta":{"footnotes":""},"categories":[436,254],"tags":[],"class_list":["post-189705","post","type-post","status-publish","format-standard","has-post-thumbnail","hentry","category-destaque-da-semana","category-politica"],"_links":{"self":[{"href":"https:\/\/diarioregionaldigital.com.br\/index.php?rest_route=\/wp\/v2\/posts\/189705","targetHints":{"allow":["GET"]}}],"collection":[{"href":"https:\/\/diarioregionaldigital.com.br\/index.php?rest_route=\/wp\/v2\/posts"}],"about":[{"href":"https:\/\/diarioregionaldigital.com.br\/index.php?rest_route=\/wp\/v2\/types\/post"}],"author":[{"embeddable":true,"href":"https:\/\/diarioregionaldigital.com.br\/index.php?rest_route=\/wp\/v2\/users\/246"}],"replies":[{"embeddable":true,"href":"https:\/\/diarioregionaldigital.com.br\/index.php?rest_route=%2Fwp%2Fv2%2Fcomments&post=189705"}],"version-history":[{"count":1,"href":"https:\/\/diarioregionaldigital.com.br\/index.php?rest_route=\/wp\/v2\/posts\/189705\/revisions"}],"predecessor-version":[{"id":189707,"href":"https:\/\/diarioregionaldigital.com.br\/index.php?rest_route=\/wp\/v2\/posts\/189705\/revisions\/189707"}],"wp:featuredmedia":[{"embeddable":true,"href":"https:\/\/diarioregionaldigital.com.br\/index.php?rest_route=\/wp\/v2\/media\/189706"}],"wp:attachment":[{"href":"https:\/\/diarioregionaldigital.com.br\/index.php?rest_route=%2Fwp%2Fv2%2Fmedia&parent=189705"}],"wp:term":[{"taxonomy":"category","embeddable":true,"href":"https:\/\/diarioregionaldigital.com.br\/index.php?rest_route=%2Fwp%2Fv2%2Fcategories&post=189705"},{"taxonomy":"post_tag","embeddable":true,"href":"https:\/\/diarioregionaldigital.com.br\/index.php?rest_route=%2Fwp%2Fv2%2Ftags&post=189705"}],"curies":[{"name":"wp","href":"https:\/\/api.w.org\/{rel}","templated":true}]}}