{"id":189702,"date":"2021-10-15T15:34:46","date_gmt":"2021-10-15T18:34:46","guid":{"rendered":"https:\/\/diarioregionaldigital.com.br\/?p=189702"},"modified":"2021-10-15T15:34:46","modified_gmt":"2021-10-15T18:34:46","slug":"presidente-diz-que-determinara-reducao-da-bandeira-tarifaria-na-luz","status":"publish","type":"post","link":"https:\/\/diarioregionaldigital.com.br\/?p=189702","title":{"rendered":"Presidente diz que determinar\u00e1 redu\u00e7\u00e3o da bandeira tarif\u00e1ria na luz"},"content":{"rendered":"<p>O presidente Jair Bolsonaro afirmou na noite desta quinta-feira (14) que determinar\u00e1 ao Minist\u00e9rio de Minas e Energia (MME) que altere a bandeira tarif\u00e1ria de energia el\u00e9trica para rebaix\u00e1-la a um valor menor a partir do m\u00eas que vem. A declara\u00e7\u00e3o foi feita durante discurso na Confer\u00eancia Global Millenium, um evento que re\u00fane igrejas evang\u00e9licas. \u00a0<img decoding=\"async\" src=\"https:\/\/agenciabrasil.ebc.com.br\/ebc.png?id=1424526&amp;o=node\" \/><img decoding=\"async\" src=\"https:\/\/agenciabrasil.ebc.com.br\/ebc.gif?id=1424526&amp;o=node\" \/><\/p>\n<p>&#8220;Est\u00e1vamos na imin\u00eancia de um colapso. N\u00e3o pod\u00edamos transmitir p\u00e2nico \u00e0 sociedade. D\u00f3i a gente autorizar o ministro Bento [Albuquerque], das Minas e Energia, a decretar a bandeira vermelha. D\u00f3i no cora\u00e7\u00e3o, sabemos da dificuldade da energia el\u00e9trica. Vou determinar que ele volte \u00e0 bandeira normal a partir do m\u00eas que vem&#8221;, disse o presidente, sem entrar em detalhes sobre qual seria a redu\u00e7\u00e3o pretendida.<\/p>\n<p>O pa\u00eds enfrenta a maior crise h\u00eddrica em 91 anos, o que tem afetado os reservat\u00f3rios das usinas hidrel\u00e9tricas. Neste cen\u00e1rio, o custo de energia aumenta porque \u00e9 preciso acionar as usinas termoel\u00e9tricas, que s\u00e3o mais caras. Em agosto, a Ag\u00eancia Nacional de Energia El\u00e9trica (Aneel) anunciou a\u00a0<a href=\"https:\/\/agenciabrasil.ebc.com.br\/economia\/noticia\/2021-08\/aneel-cria-nova-bandeira-tarifaria-e-conta-de-luz-fica-mais-cara\" target=\"_blank\" rel=\"noopener\">cria\u00e7\u00e3o de uma nova bandeira tarif\u00e1ria<\/a>\u00a0na conta de luz, chamada de bandeira de escassez h\u00eddrica. A taxa extra passou a ser de R$ 14,20 para cada 100 kilowatt-hora (KWh) consumidos e entrou em vigor a partir do dia 1\u00ba setembro, permanecendo vigente at\u00e9 abril do ano que vem.<\/p>\n<p>Criada em 2015 pela Aneel, as bandeiras tarif\u00e1rias refletem os custos vari\u00e1veis da gera\u00e7\u00e3o de energia el\u00e9trica e \u00e9 dividida em n\u00edveis. Elas indicam quanto est\u00e1 custando para o Sistema Interligado Nacional (SIN) gerar a energia usada nas casas, em estabelecimentos comerciais e nas ind\u00fastrias. Quando a conta de luz \u00e9 calculada pela bandeira verde, significa que a conta n\u00e3o sofre nenhum acr\u00e9scimo.<\/p>\n<p>A bandeira amarela significa que as condi\u00e7\u00f5es de gera\u00e7\u00e3o de energia n\u00e3o est\u00e3o favor\u00e1veis e a conta sofre acr\u00e9scimo de R$ 1,874 por 100 kWh consumido. A bandeira vermelha mostra que est\u00e1 mais caro gerar energia naquele per\u00edodo. A bandeira vermelha \u00e9 dividida em dois patamares. No primeiro patamar, o valor adicional cobrado passa a ser proporcional ao consumo na raz\u00e3o de R$ 3,971 por 100 kWh; o patamar 2 aplica a raz\u00e3o de R$ 9,492 por 100 kWh. Acima da bandeira vermelha, est\u00e1 a bandeira escassez h\u00eddrica, atualmente em vigor.<\/p>\n<p>Mais cedo, o ministro Bento Albuquerque reiterou que o pa\u00eds n\u00e3o corre risco de racionamento de energia devido \u00e0 grave crise h\u00eddrica. Segundo ele, desde o ano passado o governo tem monitorado a situa\u00e7\u00e3o e tomado as medidas necess\u00e1rias para garantir o abastecimento de energia. A declara\u00e7\u00e3o foi feita durante a abertura da 40\u00aa edi\u00e7\u00e3o do Encontro Nacional de Com\u00e9rcio Exterior (ENAEX) 2021, promovido pela Associa\u00e7\u00e3o de Com\u00e9rcio Exterior do Brasil (AEB).<\/p>\n<p>Fonte: Ag\u00eancia Brasil<\/p>\n","protected":false},"excerpt":{"rendered":"<p>O presidente Jair Bolsonaro afirmou na noite desta quinta-feira (14) que determinar\u00e1 ao Minist\u00e9rio de Minas e Energia (MME) que altere a bandeira tarif\u00e1ria de energia el\u00e9trica para rebaix\u00e1-la a um valor menor a partir do m\u00eas que vem. A declara\u00e7\u00e3o foi feita durante discurso na Confer\u00eancia Global Millenium, um evento que re\u00fane igrejas evang\u00e9licas. [&hellip;]<\/p>\n","protected":false},"author":246,"featured_media":189703,"comment_status":"closed","ping_status":"closed","sticky":false,"template":"","format":"standard","meta":{"footnotes":""},"categories":[436,440,254],"tags":[],"class_list":["post-189702","post","type-post","status-publish","format-standard","has-post-thumbnail","hentry","category-destaque-da-semana","category-destaques-do-dia","category-politica"],"_links":{"self":[{"href":"https:\/\/diarioregionaldigital.com.br\/index.php?rest_route=\/wp\/v2\/posts\/189702","targetHints":{"allow":["GET"]}}],"collection":[{"href":"https:\/\/diarioregionaldigital.com.br\/index.php?rest_route=\/wp\/v2\/posts"}],"about":[{"href":"https:\/\/diarioregionaldigital.com.br\/index.php?rest_route=\/wp\/v2\/types\/post"}],"author":[{"embeddable":true,"href":"https:\/\/diarioregionaldigital.com.br\/index.php?rest_route=\/wp\/v2\/users\/246"}],"replies":[{"embeddable":true,"href":"https:\/\/diarioregionaldigital.com.br\/index.php?rest_route=%2Fwp%2Fv2%2Fcomments&post=189702"}],"version-history":[{"count":1,"href":"https:\/\/diarioregionaldigital.com.br\/index.php?rest_route=\/wp\/v2\/posts\/189702\/revisions"}],"predecessor-version":[{"id":189704,"href":"https:\/\/diarioregionaldigital.com.br\/index.php?rest_route=\/wp\/v2\/posts\/189702\/revisions\/189704"}],"wp:featuredmedia":[{"embeddable":true,"href":"https:\/\/diarioregionaldigital.com.br\/index.php?rest_route=\/wp\/v2\/media\/189703"}],"wp:attachment":[{"href":"https:\/\/diarioregionaldigital.com.br\/index.php?rest_route=%2Fwp%2Fv2%2Fmedia&parent=189702"}],"wp:term":[{"taxonomy":"category","embeddable":true,"href":"https:\/\/diarioregionaldigital.com.br\/index.php?rest_route=%2Fwp%2Fv2%2Fcategories&post=189702"},{"taxonomy":"post_tag","embeddable":true,"href":"https:\/\/diarioregionaldigital.com.br\/index.php?rest_route=%2Fwp%2Fv2%2Ftags&post=189702"}],"curies":[{"name":"wp","href":"https:\/\/api.w.org\/{rel}","templated":true}]}}