{"id":189695,"date":"2021-10-15T15:04:04","date_gmt":"2021-10-15T18:04:04","guid":{"rendered":"https:\/\/diarioregionaldigital.com.br\/?p=189695"},"modified":"2021-10-15T15:04:04","modified_gmt":"2021-10-15T18:04:04","slug":"atividade-economica-cai-015-em-agosto-diz-banco-central","status":"publish","type":"post","link":"https:\/\/diarioregionaldigital.com.br\/?p=189695","title":{"rendered":"Atividade econ\u00f4mica cai 0,15% em agosto, diz Banco Central"},"content":{"rendered":"<p>A atividade econ\u00f4mica brasileira teve varia\u00e7\u00e3o negativa em agosto deste ano, de acordo com dados divulgados hoje (15) pelo Banco Central (BC). O \u00cdndice de Atividade Econ\u00f4mica do Banco Central (IBC-Br) apresentou queda de 0,15% em agosto de 2021 em rela\u00e7\u00e3o ao m\u00eas anterior, de acordo com os dados dessazonalizados (ajustados para o per\u00edodo), chegando a 139,23 pontos.<img decoding=\"async\" src=\"https:\/\/agenciabrasil.ebc.com.br\/ebc.png?id=1424545&amp;o=node\" \/><img decoding=\"async\" src=\"https:\/\/agenciabrasil.ebc.com.br\/ebc.gif?id=1424545&amp;o=node\" \/><\/p>\n<p>Na compara\u00e7\u00e3o com agosto de 2020, houve crescimento de 4,74% (sem ajuste para o per\u00edodo, j\u00e1 que a compara\u00e7\u00e3o \u00e9 entre meses iguais). No ano, foi registrada alta de\u00a06,41%. Em 12 meses encerrados em agosto, o indicador tamb\u00e9m ficou positivo, em 3,99%.<\/p>\n<p>O \u00edndice \u00e9 uma forma de avaliar a evolu\u00e7\u00e3o da atividade econ\u00f4mica brasileira e ajuda o BC a tomar decis\u00f5es sobre a taxa b\u00e1sica de juros, a Selic, definida atualmente em 6,25% ao ano. O \u00edndice incorpora informa\u00e7\u00f5es sobre o n\u00edvel de atividade dos tr\u00eas setores da economia: a ind\u00fastria, o com\u00e9rcio e os servi\u00e7os e a agropecu\u00e1ria, al\u00e9m do volume de impostos.<\/p>\n<p>Entretanto, o indicador oficial \u00e9 o Produto Interno Bruto (PIB, soma dos bens e servi\u00e7os produzidos no pa\u00eds), calculado pelo Instituto Brasileiro de Geografia e Estat\u00edstica (IBGE). No segundo trimestre deste ano, o PIB apresentou varia\u00e7\u00e3o negativa de 0,1%. No primeiro semestre, o PIB registrou alta de 6,4% e em 12 meses, acumulou alta de 1,8%.<\/p>\n<p>Em 2020, o PIB do Brasil caiu 4,1%, totalizando R$ 7,4 trilh\u00f5es. Foi a maior queda anual da s\u00e9rie do IBGE, iniciada em 1996 e que interrompeu o crescimento de tr\u00eas anos seguidos, de 2017 a 2019, quando o PIB acumulou alta de 4,6%.<\/p>\n<p><span style=\"font-weight: 400;\">Fonte: Ag\u00eancia Brasil <\/span><\/p>\n","protected":false},"excerpt":{"rendered":"<p>A atividade econ\u00f4mica brasileira teve varia\u00e7\u00e3o negativa em agosto deste ano, de acordo com dados divulgados hoje (15) pelo Banco Central (BC). O \u00cdndice de Atividade Econ\u00f4mica do Banco Central (IBC-Br) apresentou queda de 0,15% em agosto de 2021 em rela\u00e7\u00e3o ao m\u00eas anterior, de acordo com os dados dessazonalizados (ajustados para o per\u00edodo), chegando [&hellip;]<\/p>\n","protected":false},"author":246,"featured_media":189696,"comment_status":"closed","ping_status":"closed","sticky":false,"template":"","format":"standard","meta":{"footnotes":""},"categories":[436,261],"tags":[],"class_list":["post-189695","post","type-post","status-publish","format-standard","has-post-thumbnail","hentry","category-destaque-da-semana","category-economia"],"_links":{"self":[{"href":"https:\/\/diarioregionaldigital.com.br\/index.php?rest_route=\/wp\/v2\/posts\/189695","targetHints":{"allow":["GET"]}}],"collection":[{"href":"https:\/\/diarioregionaldigital.com.br\/index.php?rest_route=\/wp\/v2\/posts"}],"about":[{"href":"https:\/\/diarioregionaldigital.com.br\/index.php?rest_route=\/wp\/v2\/types\/post"}],"author":[{"embeddable":true,"href":"https:\/\/diarioregionaldigital.com.br\/index.php?rest_route=\/wp\/v2\/users\/246"}],"replies":[{"embeddable":true,"href":"https:\/\/diarioregionaldigital.com.br\/index.php?rest_route=%2Fwp%2Fv2%2Fcomments&post=189695"}],"version-history":[{"count":2,"href":"https:\/\/diarioregionaldigital.com.br\/index.php?rest_route=\/wp\/v2\/posts\/189695\/revisions"}],"predecessor-version":[{"id":189698,"href":"https:\/\/diarioregionaldigital.com.br\/index.php?rest_route=\/wp\/v2\/posts\/189695\/revisions\/189698"}],"wp:featuredmedia":[{"embeddable":true,"href":"https:\/\/diarioregionaldigital.com.br\/index.php?rest_route=\/wp\/v2\/media\/189696"}],"wp:attachment":[{"href":"https:\/\/diarioregionaldigital.com.br\/index.php?rest_route=%2Fwp%2Fv2%2Fmedia&parent=189695"}],"wp:term":[{"taxonomy":"category","embeddable":true,"href":"https:\/\/diarioregionaldigital.com.br\/index.php?rest_route=%2Fwp%2Fv2%2Fcategories&post=189695"},{"taxonomy":"post_tag","embeddable":true,"href":"https:\/\/diarioregionaldigital.com.br\/index.php?rest_route=%2Fwp%2Fv2%2Ftags&post=189695"}],"curies":[{"name":"wp","href":"https:\/\/api.w.org\/{rel}","templated":true}]}}