{"id":189691,"date":"2021-10-15T14:59:49","date_gmt":"2021-10-15T17:59:49","guid":{"rendered":"https:\/\/diarioregionaldigital.com.br\/?p=189691"},"modified":"2021-10-15T14:59:49","modified_gmt":"2021-10-15T17:59:49","slug":"inflacao-em-setembro-foi-maior-para-as-familias-de-renda-menor","status":"publish","type":"post","link":"https:\/\/diarioregionaldigital.com.br\/?p=189691","title":{"rendered":"Infla\u00e7\u00e3o em setembro foi maior para as fam\u00edlias de renda menor"},"content":{"rendered":"<p>O Indicador de Infla\u00e7\u00e3o por Faixa de Renda acelerou para todas as faixas no m\u00eas de setembro, mas revelou uma infla\u00e7\u00e3o mais acentuada para as fam\u00edlias de renda muito baixa, com \u00edndice de 1,3%, enquanto o grupo de renda alta ficou em 1,09%. Os dados foram divulgados hoje (15) pelo Instituto de Pesquisa Econ\u00f4mica Aplicada (Ipea).<img decoding=\"async\" src=\"https:\/\/agenciabrasil.ebc.com.br\/ebc.png?id=1424557&amp;o=node\" \/><img decoding=\"async\" src=\"https:\/\/agenciabrasil.ebc.com.br\/ebc.gif?id=1424557&amp;o=node\" \/><\/p>\n<p>A infla\u00e7\u00e3o para o segmento de renda baixa foi de 1,2% no m\u00eas, para a renda m\u00e9dia baixa, 1,21%, e para o segmento de renda m\u00e9dia alta foi de 1,04%.<\/p>\n<p>Segundo o instituto, o grupo habita\u00e7\u00e3o exerceu a maior press\u00e3o inflacion\u00e1ria para as fam\u00edlias dos tr\u00eas segmentos de renda mais baixa. Para as fam\u00edlias de renda muito baixa, pesaram os reajustes de 6,5% das tarifas de energia el\u00e9trica, de 3,9% do g\u00e1s de botij\u00e3o e de 1,1% dos artigos de limpeza. J\u00e1 os alimentos em domic\u00edlio foram puxados especialmente pelas frutas (5,4%), aves e ovos (4%) e leites e derivados (1,6%).<\/p>\n<p>As tr\u00eas faixas de renda mais alta repetiram o impacto sofrido em agosto, com peso maior no grupo de transportes, influenciada pelos reajustes de 2,3% da gasolina, de 28,2% das passagens a\u00e9reas e de 9,2% dos transportes por aplicativo.<\/p>\n<p>No acumulado de 12 meses, a infla\u00e7\u00e3o para o grupo de renda muito est\u00e1 em 10,98%; a renda baixa acumula 10,72%; a renda m\u00e9dia baixa est\u00e1 em 10,64%; a m\u00e9dia tem alta de 10,09%; o grupo de renda m\u00e9dia alta tem infla\u00e7\u00e3o em 12 meses de 9,32% e o grupo de renda alta teve infla\u00e7\u00e3o de 8,91%.<\/p>\n<p>O Ipea aponta que para as fam\u00edlias de renda muito baixa pesaram no acumulado do ano o aumento nos pre\u00e7os dos alimentos no domic\u00edlio, como carnes (24,9%), aves e ovos (26,3%) e leite e derivados (9%), al\u00e9m dos reajustes de 28,8% da energia e de 34,7% do g\u00e1s de botij\u00e3o.<\/p>\n<p>Para as fam\u00edlias com maiores rendimentos, a infla\u00e7\u00e3o acumulada sofreu impacto das varia\u00e7\u00f5es de 42% dos combust\u00edveis, de 56,8% das passagens a\u00e9reas, de 14,1% dos transportes por aplicativo e de 11,5% dos aparelhos eletroeletr\u00f4nicos.<\/p>\n<p><span style=\"font-weight: 400;\">Fonte: Ag\u00eancia Brasil <\/span><\/p>\n","protected":false},"excerpt":{"rendered":"<p>O Indicador de Infla\u00e7\u00e3o por Faixa de Renda acelerou para todas as faixas no m\u00eas de setembro, mas revelou uma infla\u00e7\u00e3o mais acentuada para as fam\u00edlias de renda muito baixa, com \u00edndice de 1,3%, enquanto o grupo de renda alta ficou em 1,09%. Os dados foram divulgados hoje (15) pelo Instituto de Pesquisa Econ\u00f4mica Aplicada [&hellip;]<\/p>\n","protected":false},"author":246,"featured_media":189692,"comment_status":"closed","ping_status":"closed","sticky":false,"template":"","format":"standard","meta":{"footnotes":""},"categories":[436,261],"tags":[],"class_list":["post-189691","post","type-post","status-publish","format-standard","has-post-thumbnail","hentry","category-destaque-da-semana","category-economia"],"_links":{"self":[{"href":"https:\/\/diarioregionaldigital.com.br\/index.php?rest_route=\/wp\/v2\/posts\/189691","targetHints":{"allow":["GET"]}}],"collection":[{"href":"https:\/\/diarioregionaldigital.com.br\/index.php?rest_route=\/wp\/v2\/posts"}],"about":[{"href":"https:\/\/diarioregionaldigital.com.br\/index.php?rest_route=\/wp\/v2\/types\/post"}],"author":[{"embeddable":true,"href":"https:\/\/diarioregionaldigital.com.br\/index.php?rest_route=\/wp\/v2\/users\/246"}],"replies":[{"embeddable":true,"href":"https:\/\/diarioregionaldigital.com.br\/index.php?rest_route=%2Fwp%2Fv2%2Fcomments&post=189691"}],"version-history":[{"count":2,"href":"https:\/\/diarioregionaldigital.com.br\/index.php?rest_route=\/wp\/v2\/posts\/189691\/revisions"}],"predecessor-version":[{"id":189694,"href":"https:\/\/diarioregionaldigital.com.br\/index.php?rest_route=\/wp\/v2\/posts\/189691\/revisions\/189694"}],"wp:featuredmedia":[{"embeddable":true,"href":"https:\/\/diarioregionaldigital.com.br\/index.php?rest_route=\/wp\/v2\/media\/189692"}],"wp:attachment":[{"href":"https:\/\/diarioregionaldigital.com.br\/index.php?rest_route=%2Fwp%2Fv2%2Fmedia&parent=189691"}],"wp:term":[{"taxonomy":"category","embeddable":true,"href":"https:\/\/diarioregionaldigital.com.br\/index.php?rest_route=%2Fwp%2Fv2%2Fcategories&post=189691"},{"taxonomy":"post_tag","embeddable":true,"href":"https:\/\/diarioregionaldigital.com.br\/index.php?rest_route=%2Fwp%2Fv2%2Ftags&post=189691"}],"curies":[{"name":"wp","href":"https:\/\/api.w.org\/{rel}","templated":true}]}}