{"id":189688,"date":"2021-10-15T14:56:30","date_gmt":"2021-10-15T17:56:30","guid":{"rendered":"https:\/\/diarioregionaldigital.com.br\/?p=189688"},"modified":"2021-10-15T14:56:30","modified_gmt":"2021-10-15T17:56:30","slug":"ministro-pede-que-fmi-amplie-financiamentos-a-paises-pobres","status":"publish","type":"post","link":"https:\/\/diarioregionaldigital.com.br\/?p=189688","title":{"rendered":"Ministro pede que FMI amplie financiamentos a pa\u00edses pobres"},"content":{"rendered":"<p>O Fundo Monet\u00e1rio Internacional (FMI) precisa ampliar os financiamentos a pa\u00edses pobres e vulner\u00e1veis, disse hoje (14) o ministro da Economia, Paulo Guedes. Em reuni\u00e3o plen\u00e1ria do Comit\u00ea Monet\u00e1rio e Financeiro Internacional (IMFC), em Washington, ele ressaltou a necessidade de novas linhas de financiamentos, com condi\u00e7\u00f5es acess\u00edveis, a pa\u00edses mais fr\u00e1geis e ainda n\u00e3o eleg\u00edveis aos programas do FMI.<img decoding=\"async\" src=\"https:\/\/agenciabrasil.ebc.com.br\/ebc.png?id=1424527&amp;o=node\" \/><img decoding=\"async\" src=\"https:\/\/agenciabrasil.ebc.com.br\/ebc.gif?id=1424527&amp;o=node\" \/><\/p>\n<p>Guedes pediu que as economias avan\u00e7adas aumentem as contribui\u00e7\u00f5es para o Fundo para a Redu\u00e7\u00e3o da Pobreza e para o Crescimento (PRGT, da sigla em ingl\u00eas), de modo que possam fornecer empr\u00e9stimos aos pa\u00edses mais vulner\u00e1veis. O ministro tamb\u00e9m manifestou apoio \u00e0 cria\u00e7\u00e3o do Fundo de Resili\u00eancia e Sustentabilidade (RST, da sigla em ingl\u00eas), que financiaria a longo prazo reformas econ\u00f4micas estruturais em pa\u00edses em desenvolvimento, de baixa renda ou com restri\u00e7\u00f5es de mercado.<\/p>\n<p>As principais conclus\u00f5es da reuni\u00e3o plen\u00e1ria do IMFC foram a necessidade de enfrentar as desigualdades, que aumentaram com a pandemia de covid-19, e de promover a vacina\u00e7\u00e3o para conter o avan\u00e7o da doen\u00e7a. Os membros do comit\u00ea comprometeram-se a dar prioridade aos gastos com sa\u00fade, \u00e0 prote\u00e7\u00e3o aos mais vulner\u00e1veis e ao fornecimento de vacina, produtos de sa\u00fade e insumos m\u00e9dicos essenciais aos pa\u00edses em desenvolvimento.<\/p>\n<p>Os pa\u00edses do comit\u00ea do FMI concordaram em promover medidas de ajuste de curto prazo para conter o avan\u00e7o da d\u00edvida p\u00fablica nos pa\u00edses que gastaram mais para combater a pandemia. Segundo os participantes, no entanto, os governos devem pensar em promover, no m\u00e9dio prazo, uma agenda voltada ao crescimento sustent\u00e1vel e \u00e0 inclus\u00e3o social.<\/p>\n<p><strong>OCDE<\/strong><\/p>\n<p>Em encontro com o secret\u00e1rio-geral da Organiza\u00e7\u00e3o para a Coopera\u00e7\u00e3o e Desenvolvimento Econ\u00f4mico (OCDE), Mathias Cormann, Guedes disse que o Brasil cumpre os requisitos para entrar no grupo, que re\u00fane as economias mais industrializadas do planeta. A reuni\u00e3o ocorreu ontem (13), mas s\u00f3 foi divulgada hoje pelo Minist\u00e9rio da Economia.<\/p>\n<p>No encontro, Guedes disse que o Brasil aderiu a 100 dos 247 instrumentos legais da OCDE e pediu a ades\u00e3o a 46 instrumentos. Segundo o ministro, o pa\u00eds est\u00e1 dando prioridade para enquadrar-se \u00e0s normas relacionadas \u00e0 melhoria do meio ambiente para incrementar a oferta de servi\u00e7os ambientais.<\/p>\n<p>Para Guedes, a aceita\u00e7\u00e3o do Brasil como membro pleno traz investimentos ao pa\u00eds, mas tamb\u00e9m proporciona ganhos \u00e0 OCDE, que ter\u00e1 a contribui\u00e7\u00e3o de uma grande economia emergente. Caso a ades\u00e3o seja aprovada, o Brasil seria o \u00fanico pa\u00eds simultaneamente membro-pleno da OCDE, do G20 (grupo das 20 maiores economias do planeta) e do Brics (grupo que re\u00fane as cinco principais economias emergentes).<\/p>\n<p><span style=\"font-weight: 400;\">Fonte: Ag\u00eancia Brasil <\/span><\/p>\n","protected":false},"excerpt":{"rendered":"<p>O Fundo Monet\u00e1rio Internacional (FMI) precisa ampliar os financiamentos a pa\u00edses pobres e vulner\u00e1veis, disse hoje (14) o ministro da Economia, Paulo Guedes. Em reuni\u00e3o plen\u00e1ria do Comit\u00ea Monet\u00e1rio e Financeiro Internacional (IMFC), em Washington, ele ressaltou a necessidade de novas linhas de financiamentos, com condi\u00e7\u00f5es acess\u00edveis, a pa\u00edses mais fr\u00e1geis e ainda n\u00e3o eleg\u00edveis [&hellip;]<\/p>\n","protected":false},"author":246,"featured_media":189689,"comment_status":"closed","ping_status":"closed","sticky":false,"template":"","format":"standard","meta":{"footnotes":""},"categories":[436,440,261],"tags":[],"class_list":["post-189688","post","type-post","status-publish","format-standard","has-post-thumbnail","hentry","category-destaque-da-semana","category-destaques-do-dia","category-economia"],"_links":{"self":[{"href":"https:\/\/diarioregionaldigital.com.br\/index.php?rest_route=\/wp\/v2\/posts\/189688","targetHints":{"allow":["GET"]}}],"collection":[{"href":"https:\/\/diarioregionaldigital.com.br\/index.php?rest_route=\/wp\/v2\/posts"}],"about":[{"href":"https:\/\/diarioregionaldigital.com.br\/index.php?rest_route=\/wp\/v2\/types\/post"}],"author":[{"embeddable":true,"href":"https:\/\/diarioregionaldigital.com.br\/index.php?rest_route=\/wp\/v2\/users\/246"}],"replies":[{"embeddable":true,"href":"https:\/\/diarioregionaldigital.com.br\/index.php?rest_route=%2Fwp%2Fv2%2Fcomments&post=189688"}],"version-history":[{"count":1,"href":"https:\/\/diarioregionaldigital.com.br\/index.php?rest_route=\/wp\/v2\/posts\/189688\/revisions"}],"predecessor-version":[{"id":189690,"href":"https:\/\/diarioregionaldigital.com.br\/index.php?rest_route=\/wp\/v2\/posts\/189688\/revisions\/189690"}],"wp:featuredmedia":[{"embeddable":true,"href":"https:\/\/diarioregionaldigital.com.br\/index.php?rest_route=\/wp\/v2\/media\/189689"}],"wp:attachment":[{"href":"https:\/\/diarioregionaldigital.com.br\/index.php?rest_route=%2Fwp%2Fv2%2Fmedia&parent=189688"}],"wp:term":[{"taxonomy":"category","embeddable":true,"href":"https:\/\/diarioregionaldigital.com.br\/index.php?rest_route=%2Fwp%2Fv2%2Fcategories&post=189688"},{"taxonomy":"post_tag","embeddable":true,"href":"https:\/\/diarioregionaldigital.com.br\/index.php?rest_route=%2Fwp%2Fv2%2Ftags&post=189688"}],"curies":[{"name":"wp","href":"https:\/\/api.w.org\/{rel}","templated":true}]}}