{"id":189680,"date":"2021-10-14T20:44:28","date_gmt":"2021-10-14T23:44:28","guid":{"rendered":"https:\/\/diarioregionaldigital.com.br\/?p=189680"},"modified":"2021-10-14T20:44:28","modified_gmt":"2021-10-14T23:44:28","slug":"restaurante-popular-do-centro-sera-reaberto-para-alimentacao-no-local-a-partir-de-segunda-feira-18","status":"publish","type":"post","link":"https:\/\/diarioregionaldigital.com.br\/?p=189680","title":{"rendered":"Restaurante Popular do Centro ser\u00e1 reaberto para alimenta\u00e7\u00e3o no local a partir de segunda-feira, 18"},"content":{"rendered":"<p>Marcando o Dia Mundial da Alimenta\u00e7\u00e3o, celebrado neste s\u00e1bado, 16, e iniciando a Semana da Alimenta\u00e7\u00e3o, o Restaurante Popular Yeda Duarte Gomes no Centro de Juiz de Fora ser\u00e1 reaberto ao p\u00fablico para consumo da alimenta\u00e7\u00e3o no equipamento de Seguran\u00e7a Alimentar, a partir da pr\u00f3xima segunda-feira, 18.<\/p>\n<p>Segundo informa\u00e7\u00f5es do site da Prefeitura de Juiz de Fora, desde o in\u00edcio da pandemia da Covid-19, com as medidas de restri\u00e7\u00e3o, as Unidades do Restaurante Popular mantiveram o funcionamento com a entrega de marmitex no local \u00e0 popula\u00e7\u00e3o.<\/p>\n<p>De acordo com a gerente do Departamento de Seguran\u00e7a Alimentar e Nutricional da Secretaria de Agricultura, Pecu\u00e1ria e Abastecimento (Seapa), Fl\u00e1via Leite, &#8220;com a entrada do munic\u00edpio para o Plano \u201cJuiz de Fora Viva \u2013 Cidade em Movimento\u201d, que prev\u00ea a retomada das atividades sociais e econ\u00f4micas em tr\u00eas diferentes etapas, o consumo da alimenta\u00e7\u00e3o no local ser\u00e1 poss\u00edvel e realizado de acordo com os padr\u00f5es preconizados pela Ag\u00eancia Nacional de Vigil\u00e2ncia Sanit\u00e1ria (Anvisa)&#8221;.<\/p>\n<p>Como meio de auxiliar no enfrentamento \u00e0 Covid-19, a Seapa refor\u00e7a as orienta\u00e7\u00f5es para toda a popula\u00e7\u00e3o, al\u00e9m dos funcion\u00e1rios, sobre as medidas de distanciamento e higiene, como:<\/p>\n<p>&#8211; Uso obrigat\u00f3rio no de m\u00e1scaras no local quando n\u00e3o estiverem consumindo as refei\u00e7\u00f5es;<br \/>\n&#8211; Uso de \u00e1lcool em gel 70% &#8211; disponibilizado em pontos estrat\u00e9gicos dos restaurantes;<br \/>\n&#8211; Respeitar o distanciamento de 1,5 m (um metro e meio) entre as pessoas, na fila de entrada de acordo com as marca\u00e7\u00f5es delimitadas no ch\u00e3o;<br \/>\n&#8211; Respeitar o distanciamento entre os assentos dispostos no refeit\u00f3rio, de acordo com as marca\u00e7\u00f5es delimitadas nos assentos;<\/p>\n<p>O anexo em Benfica, Restaurante Jo\u00e3o Batista Ribeiro, continuar\u00e1 funcionando com entrega de marmitex. As refei\u00e7\u00f5es servidas no Restaurante Popular Centro e no Refeit\u00f3rio Anexo em Benfica apresentam o valor de R$ 3,50, e o preparo segue um card\u00e1pio planejado, nutricionalmente balanceado e executado conforme as Boas Pr\u00e1ticas de Produ\u00e7\u00e3o de Alimentos preconizadas pela legisla\u00e7\u00e3o vigente.<\/p>\n<p><b>Endere\u00e7os e hor\u00e1rios de funcionamento:<\/b><\/p>\n<p>Restaurante Yeda Duarte Gomes<br \/>\nRua Halfeld, 305 &#8211; Centro.<br \/>\nSegunda a sexta-feira<br \/>\nDas 10h \u00e0s 14h<\/p>\n<p>Anexo: Restaurante Jo\u00e3o Batista Ribeiro<br \/>\nRua Diogo \u00c1lvares, 664 &#8211; Benfica<br \/>\nSegunda a sexta-feira<br \/>\nDas 10h30 \u00e0s 14h<\/p>\n","protected":false},"excerpt":{"rendered":"<p>Marcando o Dia Mundial da Alimenta\u00e7\u00e3o, celebrado neste s\u00e1bado, 16, e iniciando a Semana da Alimenta\u00e7\u00e3o, o Restaurante Popular Yeda Duarte Gomes no Centro de Juiz de Fora ser\u00e1 reaberto ao p\u00fablico para consumo da alimenta\u00e7\u00e3o no equipamento de Seguran\u00e7a Alimentar, a partir da pr\u00f3xima segunda-feira, 18. Segundo informa\u00e7\u00f5es do site da Prefeitura de Juiz [&hellip;]<\/p>\n","protected":false},"author":246,"featured_media":189681,"comment_status":"closed","ping_status":"closed","sticky":false,"template":"","format":"standard","meta":{"footnotes":""},"categories":[253,436],"tags":[],"class_list":["post-189680","post","type-post","status-publish","format-standard","has-post-thumbnail","hentry","category-cidade","category-destaque-da-semana"],"_links":{"self":[{"href":"https:\/\/diarioregionaldigital.com.br\/index.php?rest_route=\/wp\/v2\/posts\/189680","targetHints":{"allow":["GET"]}}],"collection":[{"href":"https:\/\/diarioregionaldigital.com.br\/index.php?rest_route=\/wp\/v2\/posts"}],"about":[{"href":"https:\/\/diarioregionaldigital.com.br\/index.php?rest_route=\/wp\/v2\/types\/post"}],"author":[{"embeddable":true,"href":"https:\/\/diarioregionaldigital.com.br\/index.php?rest_route=\/wp\/v2\/users\/246"}],"replies":[{"embeddable":true,"href":"https:\/\/diarioregionaldigital.com.br\/index.php?rest_route=%2Fwp%2Fv2%2Fcomments&post=189680"}],"version-history":[{"count":1,"href":"https:\/\/diarioregionaldigital.com.br\/index.php?rest_route=\/wp\/v2\/posts\/189680\/revisions"}],"predecessor-version":[{"id":189682,"href":"https:\/\/diarioregionaldigital.com.br\/index.php?rest_route=\/wp\/v2\/posts\/189680\/revisions\/189682"}],"wp:featuredmedia":[{"embeddable":true,"href":"https:\/\/diarioregionaldigital.com.br\/index.php?rest_route=\/wp\/v2\/media\/189681"}],"wp:attachment":[{"href":"https:\/\/diarioregionaldigital.com.br\/index.php?rest_route=%2Fwp%2Fv2%2Fmedia&parent=189680"}],"wp:term":[{"taxonomy":"category","embeddable":true,"href":"https:\/\/diarioregionaldigital.com.br\/index.php?rest_route=%2Fwp%2Fv2%2Fcategories&post=189680"},{"taxonomy":"post_tag","embeddable":true,"href":"https:\/\/diarioregionaldigital.com.br\/index.php?rest_route=%2Fwp%2Fv2%2Ftags&post=189680"}],"curies":[{"name":"wp","href":"https:\/\/api.w.org\/{rel}","templated":true}]}}