{"id":189677,"date":"2021-10-14T20:42:06","date_gmt":"2021-10-14T23:42:06","guid":{"rendered":"https:\/\/diarioregionaldigital.com.br\/?p=189677"},"modified":"2021-10-14T20:42:06","modified_gmt":"2021-10-14T23:42:06","slug":"prefeitura-divulga-1o-relatorio-do-plano-de-desenvolvimento-de-juiz-de-fora","status":"publish","type":"post","link":"https:\/\/diarioregionaldigital.com.br\/?p=189677","title":{"rendered":"Prefeitura divulga 1\u00ba relat\u00f3rio do Plano de Desenvolvimento de Juiz de Fora"},"content":{"rendered":"<p>A Prefeitura de Juiz de Fora, por meio das secretarias da Fazenda (SF) e de Desenvolvimento Sustent\u00e1vel e Inclusivo, da Inova\u00e7\u00e3o e Competitividade (Sedic) divulgou, nesta quinta-feira, 14, o primeiro relat\u00f3rio do Plano de Desenvolvimento Sustent\u00e1vel e Inclusivo de Juiz de Fora (PDSI-JF). O documento, resultado de uma s\u00e9rie de reuni\u00f5es com as redes de atividades da cidade, traz um diagn\u00f3stico do cen\u00e1rio atual e prop\u00f5e a\u00e7\u00f5es para os pr\u00f3ximos anos, fundamentadas no conceito de \u201cdesenvolvimento por miss\u00f5es\u201d. Segundo informa\u00e7\u00f5es do site da Prefeitura de Juiz de Fora, o \u201cRelat\u00f3rio N\u00famero 1 do PDSI\u201d est\u00e1 <a href=\"https:\/\/www.pjf.mg.gov.br\/secretarias\/sedic\/plano-de-desenvolvimento\/index.php\"><b>dispon\u00edvel na p\u00e1gina da Sedic, portal oficial da Prefeitura<\/b><\/a>.<\/p>\n<p>\u201cCom a publica\u00e7\u00e3o do Relat\u00f3rio, a PJF apresenta o resultado dos debates travados com diferentes redes de atividade econ\u00f4mica e anuncia a\u00e7\u00f5es mais abrangentes que ser\u00e3o levadas adiante em articula\u00e7\u00e3o com agentes econ\u00f4micos, entidades da sociedade civil, academia e \u00f3rg\u00e3os diversos dos governos estadual e federal. O prop\u00f3sito \u00e9 fortalecer voca\u00e7\u00f5es locais e favorecer a transforma\u00e7\u00e3o da estrutura produtiva da cidade, com incorpora\u00e7\u00e3o de tecnologia em setores j\u00e1 existentes, eleva\u00e7\u00e3o do peso de setores intensivos em tecnologia e dinamiza\u00e7\u00e3o da economia criativa e solid\u00e1ria e do turismo\u201d, explica o secret\u00e1rio de Desenvolvimento, Ignacio Delgado.<\/p>\n<p>\u201cA conex\u00e3o com a regi\u00e3o e redes internacionais ser\u00e1 muito importante, para acentuar a complementaridade das economias locais na Mata e Vertentes, com impacto positivo na gera\u00e7\u00e3o de emprego e eleva\u00e7\u00e3o da renda, bem como para ligar Juiz de Fora \u00e0s tend\u00eancias internacionais, do ponto de vista tecnol\u00f3gico e de sua inclus\u00e3o em roteiros tur\u00edsticos\u201d.<\/p>\n<p>Ainda segundo o secret\u00e1rio, a previs\u00e3o \u00e9 de que, at\u00e9 o final do ano, a primeira etapa do PDSI estar\u00e1 mais avan\u00e7ada, com a melhoria do ambiente de neg\u00f3cios, em sua dimens\u00e3o regulat\u00f3ria, e a apresenta\u00e7\u00e3o do Plano Geral de Incentivos. \u201cEm 2023 damos continuidade \u00e0s a\u00e7\u00f5es para tal melhoria e avan\u00e7amos na implementa\u00e7\u00e3o das miss\u00f5es e projetos estrat\u00e9gicos\u201d, destaca.<\/p>\n<p>Para a secret\u00e1ria da Fazenda, Fernanda Finotti, \u201c\u00e9 necess\u00e1rio implementar um Plano Geral de Incentivos que valorize, via redu\u00e7\u00e3o de tributos e outros benef\u00edcios, os setores que melhor reflitam as voca\u00e7\u00f5es da cidade, o capital intang\u00edvel que n\u00e3o migra a cada dificuldade, mas que investe continuamente na cidade\u201d, afirma. \u201cEm breve, apresentaremos os benef\u00edcios que est\u00e3o sendo considerados\u201d.<\/p>\n<p><strong>Sobre o Plano<\/strong><\/p>\n<p>A proposta para a constru\u00e7\u00e3o do Plano de Desenvolvimento Sustent\u00e1vel e Inclusivo foi apresentada \u00e0 sociedade em evento realizado em 29 de junho, no Teatro Paschoal Carlos Magno. O encontro contou com a presen\u00e7a de representantes da PJF, C\u00e2mara Municipal de Juiz de Fora, membros do Conselho Municipal de Desenvolvimento Econ\u00f4mico, Tecnologia e Inova\u00e7\u00e3o (Comdeti) e entidades empresariais.<br \/>\nO plano \u00e9 um desdobramento do programa de governo da prefeita Margarida Salom\u00e3o, com revis\u00f5es das secretarias da Prefeitura, que visa \u00e0 identifica\u00e7\u00e3o das potencialidades existentes na cidade, buscando consolidar as atividades que hoje j\u00e1 t\u00eam relev\u00e2ncia na economia local, bem como o capital humano e capacidade de pesquisa que a cidade disp\u00f5e, alinhando-as com a germina\u00e7\u00e3o e atra\u00e7\u00e3o de novos empreendimentos, que favore\u00e7am a transforma\u00e7\u00e3o da estrutura produtiva do munic\u00edpio e uma articula\u00e7\u00e3o mais intensa com a economia regional.<\/p>\n","protected":false},"excerpt":{"rendered":"<p>A Prefeitura de Juiz de Fora, por meio das secretarias da Fazenda (SF) e de Desenvolvimento Sustent\u00e1vel e Inclusivo, da Inova\u00e7\u00e3o e Competitividade (Sedic) divulgou, nesta quinta-feira, 14, o primeiro relat\u00f3rio do Plano de Desenvolvimento Sustent\u00e1vel e Inclusivo de Juiz de Fora (PDSI-JF). O documento, resultado de uma s\u00e9rie de reuni\u00f5es com as redes de [&hellip;]<\/p>\n","protected":false},"author":246,"featured_media":189678,"comment_status":"closed","ping_status":"closed","sticky":false,"template":"","format":"standard","meta":{"footnotes":""},"categories":[253,436],"tags":[],"class_list":["post-189677","post","type-post","status-publish","format-standard","has-post-thumbnail","hentry","category-cidade","category-destaque-da-semana"],"_links":{"self":[{"href":"https:\/\/diarioregionaldigital.com.br\/index.php?rest_route=\/wp\/v2\/posts\/189677","targetHints":{"allow":["GET"]}}],"collection":[{"href":"https:\/\/diarioregionaldigital.com.br\/index.php?rest_route=\/wp\/v2\/posts"}],"about":[{"href":"https:\/\/diarioregionaldigital.com.br\/index.php?rest_route=\/wp\/v2\/types\/post"}],"author":[{"embeddable":true,"href":"https:\/\/diarioregionaldigital.com.br\/index.php?rest_route=\/wp\/v2\/users\/246"}],"replies":[{"embeddable":true,"href":"https:\/\/diarioregionaldigital.com.br\/index.php?rest_route=%2Fwp%2Fv2%2Fcomments&post=189677"}],"version-history":[{"count":1,"href":"https:\/\/diarioregionaldigital.com.br\/index.php?rest_route=\/wp\/v2\/posts\/189677\/revisions"}],"predecessor-version":[{"id":189679,"href":"https:\/\/diarioregionaldigital.com.br\/index.php?rest_route=\/wp\/v2\/posts\/189677\/revisions\/189679"}],"wp:featuredmedia":[{"embeddable":true,"href":"https:\/\/diarioregionaldigital.com.br\/index.php?rest_route=\/wp\/v2\/media\/189678"}],"wp:attachment":[{"href":"https:\/\/diarioregionaldigital.com.br\/index.php?rest_route=%2Fwp%2Fv2%2Fmedia&parent=189677"}],"wp:term":[{"taxonomy":"category","embeddable":true,"href":"https:\/\/diarioregionaldigital.com.br\/index.php?rest_route=%2Fwp%2Fv2%2Fcategories&post=189677"},{"taxonomy":"post_tag","embeddable":true,"href":"https:\/\/diarioregionaldigital.com.br\/index.php?rest_route=%2Fwp%2Fv2%2Ftags&post=189677"}],"curies":[{"name":"wp","href":"https:\/\/api.w.org\/{rel}","templated":true}]}}