{"id":189674,"date":"2021-10-14T20:38:50","date_gmt":"2021-10-14T23:38:50","guid":{"rendered":"https:\/\/diarioregionaldigital.com.br\/?p=189674"},"modified":"2021-10-14T20:38:50","modified_gmt":"2021-10-14T23:38:50","slug":"linha-rodoviaria-voltou-a-circular-com-novo-itinerario","status":"publish","type":"post","link":"https:\/\/diarioregionaldigital.com.br\/?p=189674","title":{"rendered":"Linha Rodovi\u00e1ria voltou a circular com novo itiner\u00e1rio"},"content":{"rendered":"<p>A Secretaria de Mobilidade Urbana (SMU) da Prefeitura de Juiz de Fora (PJF) informa que a linha de \u00f4nibus 640 (Rodovi\u00e1ria) retornou \u00e0 circula\u00e7\u00e3o nesta quinta-feira, 14. Segundo informa\u00e7\u00f5es do site da Prefeitura de Juiz de Fora, com a volta, tamb\u00e9m houve mudan\u00e7a na rota. O novo percurso inclui a extens\u00e3o pela Avenida Rio Branco at\u00e9 o ponto final na Avenida Presidente Jo\u00e3o Goulart, 600, onde faz o retorno e volta \u00e0 rodovi\u00e1ria. Antes, o \u00f4nibus fazia o retorno na Rua Doutor Romualdo.<\/p>\n<p><b>Confira abaixo os hor\u00e1rios da linha:<\/b><\/p>\n<p><b>Sa\u00eddas da rodovi\u00e1ria:<\/b>\u00a006:00 07:15 08:30 09:45 11:00 12:15 13:30 14:45 16:00 17:15 18:35 19:55 21:15<\/p>\n<p><b>Sa\u00eddas da Avenida Presidente Jo\u00e3o Goulart:<\/b>\u00a006:30 07:45 09:00 10:15 11:30 12:45 14:00 15:15 16:30 17:50 19:10 20:30 21:45<\/p>\n<p>Itiner\u00e1rio rodovi\u00e1ria &#8211; Avenida Presidente Jo\u00e3o Goulart:<\/p>\n<p>Terminal Rodovi\u00e1rio, Avenida Brasil, Rua Noel Rosa, Rua Coronel Vidal, Rua Henrique Burnier, Avenida Brasil , Avenida Bar\u00e3o do Rio Branco e Avenida Presidente Jo\u00e3o Goulart &#8211; Ponto Final.<\/p>\n<p>Itiner\u00e1rio Avenida Presidente Jo\u00e3o Goulart &#8211; rodovi\u00e1ria<\/p>\n<p>Avenida Presidente Jo\u00e3o Goulart, Avenida Bar\u00e3o do Rio Branco, Rua Am\u00e9rico Lobo, Avenida Brasil, Ponte Domingos Alves Pereira, Avenida Brasil, Terminal Rodovi\u00e1rio &#8211; Ponto final.<\/p>\n","protected":false},"excerpt":{"rendered":"<p>A Secretaria de Mobilidade Urbana (SMU) da Prefeitura de Juiz de Fora (PJF) informa que a linha de \u00f4nibus 640 (Rodovi\u00e1ria) retornou \u00e0 circula\u00e7\u00e3o nesta quinta-feira, 14. Segundo informa\u00e7\u00f5es do site da Prefeitura de Juiz de Fora, com a volta, tamb\u00e9m houve mudan\u00e7a na rota. O novo percurso inclui a extens\u00e3o pela Avenida Rio Branco [&hellip;]<\/p>\n","protected":false},"author":246,"featured_media":189675,"comment_status":"closed","ping_status":"closed","sticky":false,"template":"","format":"standard","meta":{"footnotes":""},"categories":[253,436],"tags":[],"class_list":["post-189674","post","type-post","status-publish","format-standard","has-post-thumbnail","hentry","category-cidade","category-destaque-da-semana"],"_links":{"self":[{"href":"https:\/\/diarioregionaldigital.com.br\/index.php?rest_route=\/wp\/v2\/posts\/189674","targetHints":{"allow":["GET"]}}],"collection":[{"href":"https:\/\/diarioregionaldigital.com.br\/index.php?rest_route=\/wp\/v2\/posts"}],"about":[{"href":"https:\/\/diarioregionaldigital.com.br\/index.php?rest_route=\/wp\/v2\/types\/post"}],"author":[{"embeddable":true,"href":"https:\/\/diarioregionaldigital.com.br\/index.php?rest_route=\/wp\/v2\/users\/246"}],"replies":[{"embeddable":true,"href":"https:\/\/diarioregionaldigital.com.br\/index.php?rest_route=%2Fwp%2Fv2%2Fcomments&post=189674"}],"version-history":[{"count":1,"href":"https:\/\/diarioregionaldigital.com.br\/index.php?rest_route=\/wp\/v2\/posts\/189674\/revisions"}],"predecessor-version":[{"id":189676,"href":"https:\/\/diarioregionaldigital.com.br\/index.php?rest_route=\/wp\/v2\/posts\/189674\/revisions\/189676"}],"wp:featuredmedia":[{"embeddable":true,"href":"https:\/\/diarioregionaldigital.com.br\/index.php?rest_route=\/wp\/v2\/media\/189675"}],"wp:attachment":[{"href":"https:\/\/diarioregionaldigital.com.br\/index.php?rest_route=%2Fwp%2Fv2%2Fmedia&parent=189674"}],"wp:term":[{"taxonomy":"category","embeddable":true,"href":"https:\/\/diarioregionaldigital.com.br\/index.php?rest_route=%2Fwp%2Fv2%2Fcategories&post=189674"},{"taxonomy":"post_tag","embeddable":true,"href":"https:\/\/diarioregionaldigital.com.br\/index.php?rest_route=%2Fwp%2Fv2%2Ftags&post=189674"}],"curies":[{"name":"wp","href":"https:\/\/api.w.org\/{rel}","templated":true}]}}