{"id":189664,"date":"2021-10-14T20:25:12","date_gmt":"2021-10-14T23:25:12","guid":{"rendered":"https:\/\/diarioregionaldigital.com.br\/?p=189664"},"modified":"2021-10-14T20:25:12","modified_gmt":"2021-10-14T23:25:12","slug":"flamengo-supera-juventude-por-3-a-1-no-maracana","status":"publish","type":"post","link":"https:\/\/diarioregionaldigital.com.br\/?p=189664","title":{"rendered":"Flamengo supera Juventude por 3 a 1 no Maracan\u00e3"},"content":{"rendered":"<p>Mesmo muito desfalcado, o Flamengo derrotou o Juventude por 3 a 1, na noite desta quarta-feira (13) no est\u00e1dio do Maracan\u00e3, e permanece firme na ca\u00e7a do l\u00edder do Campeonato Brasileiro, o Atl\u00e9tico-MG (que bateu o Santos por 3 a 1 no Mineir\u00e3o).<img decoding=\"async\" src=\"https:\/\/agenciabrasil.ebc.com.br\/ebc.png?id=1424372&amp;o=node\" \/><img decoding=\"async\" src=\"https:\/\/agenciabrasil.ebc.com.br\/ebc.gif?id=1424372&amp;o=node\" \/><\/p>\n<p>Com o triunfo, o Rubro-Negro se mant\u00e9m na vice-lideran\u00e7a da competi\u00e7\u00e3o com 45 pontos, enquanto o time do Rio Grande do Sul fica na 15\u00aa posi\u00e7\u00e3o com 28 pontos.<\/p>\n<p>Sem poder contar com nomes como Bruno Henrique, Gabriel Barbosa e Arrascaeta, a equipe comandada pelo t\u00e9cnico Renato Ga\u00facho dominou a primeira etapa, abrindo uma vantagem de 3 a 0, gra\u00e7as a gols de Kenedy, aos 11 minutos, de Pedro, aos 25, e de Andreas Pereira, aos 34 em bela cobran\u00e7a de falta.<\/p>\n<p>O Juventude ainda conseguiu descontar aos 11 minutos da etapa final, gra\u00e7as a gol do lateral William Matheus de cabe\u00e7a ap\u00f3s cobran\u00e7a de escanteio, mas o triunfo final foi mesmo do time da G\u00e1vea.<\/p>\n<p>Na pr\u00f3xima rodada o Flamengo recebe o Cuiab\u00e1 no Maracan\u00e3 no domingo (17). No mesmo dia o Juventude visita o Gr\u00eamio em Porto Alegre.<\/p>\n<p><strong>Empate na Arena Cond\u00e1<\/strong><\/p>\n<p>Quem ficou no empate nesta quarta foram Chapecoense e Athletico-PR. A partida disputada na Arena Cond\u00e1 terminou em 1 a 1. O resultado deixou o Furac\u00e3o, que marcou com Christian, na 8\u00aa posi\u00e7\u00e3o com 34 pontos, enquanto o Verd\u00e3o do Oeste, que contou com gol de Matheus Ribeiro, permanece na lanterna da competi\u00e7\u00e3o, agora com 13 pontos.<\/p>\n<p>O Athletico-PR volta a jogar pela competi\u00e7\u00e3o no domingo, quando recebe o Fluminense na Arena da Baixada. Um dia antes a Chapecoense mede for\u00e7as com o Fortaleza.<\/p>\n<p><span style=\"font-weight: 400;\">Fonte: Ag\u00eancia Brasil <\/span><\/p>\n","protected":false},"excerpt":{"rendered":"<p>Mesmo muito desfalcado, o Flamengo derrotou o Juventude por 3 a 1, na noite desta quarta-feira (13) no est\u00e1dio do Maracan\u00e3, e permanece firme na ca\u00e7a do l\u00edder do Campeonato Brasileiro, o Atl\u00e9tico-MG (que bateu o Santos por 3 a 1 no Mineir\u00e3o). Com o triunfo, o Rubro-Negro se mant\u00e9m na vice-lideran\u00e7a da competi\u00e7\u00e3o com [&hellip;]<\/p>\n","protected":false},"author":246,"featured_media":189665,"comment_status":"closed","ping_status":"closed","sticky":false,"template":"","format":"standard","meta":{"footnotes":""},"categories":[436,257],"tags":[],"class_list":["post-189664","post","type-post","status-publish","format-standard","has-post-thumbnail","hentry","category-destaque-da-semana","category-esporte"],"_links":{"self":[{"href":"https:\/\/diarioregionaldigital.com.br\/index.php?rest_route=\/wp\/v2\/posts\/189664","targetHints":{"allow":["GET"]}}],"collection":[{"href":"https:\/\/diarioregionaldigital.com.br\/index.php?rest_route=\/wp\/v2\/posts"}],"about":[{"href":"https:\/\/diarioregionaldigital.com.br\/index.php?rest_route=\/wp\/v2\/types\/post"}],"author":[{"embeddable":true,"href":"https:\/\/diarioregionaldigital.com.br\/index.php?rest_route=\/wp\/v2\/users\/246"}],"replies":[{"embeddable":true,"href":"https:\/\/diarioregionaldigital.com.br\/index.php?rest_route=%2Fwp%2Fv2%2Fcomments&post=189664"}],"version-history":[{"count":2,"href":"https:\/\/diarioregionaldigital.com.br\/index.php?rest_route=\/wp\/v2\/posts\/189664\/revisions"}],"predecessor-version":[{"id":189667,"href":"https:\/\/diarioregionaldigital.com.br\/index.php?rest_route=\/wp\/v2\/posts\/189664\/revisions\/189667"}],"wp:featuredmedia":[{"embeddable":true,"href":"https:\/\/diarioregionaldigital.com.br\/index.php?rest_route=\/wp\/v2\/media\/189665"}],"wp:attachment":[{"href":"https:\/\/diarioregionaldigital.com.br\/index.php?rest_route=%2Fwp%2Fv2%2Fmedia&parent=189664"}],"wp:term":[{"taxonomy":"category","embeddable":true,"href":"https:\/\/diarioregionaldigital.com.br\/index.php?rest_route=%2Fwp%2Fv2%2Fcategories&post=189664"},{"taxonomy":"post_tag","embeddable":true,"href":"https:\/\/diarioregionaldigital.com.br\/index.php?rest_route=%2Fwp%2Fv2%2Ftags&post=189664"}],"curies":[{"name":"wp","href":"https:\/\/api.w.org\/{rel}","templated":true}]}}