{"id":189660,"date":"2021-10-14T20:10:46","date_gmt":"2021-10-14T23:10:46","guid":{"rendered":"https:\/\/diarioregionaldigital.com.br\/?p=189660"},"modified":"2021-10-14T20:10:46","modified_gmt":"2021-10-14T23:10:46","slug":"neymar-ainda-vai-jogar-futebol-por-muitos-anos-diz-tecnico-do-psg","status":"publish","type":"post","link":"https:\/\/diarioregionaldigital.com.br\/?p=189660","title":{"rendered":"Neymar ainda vai jogar futebol por muitos anos, diz t\u00e9cnico do PSG"},"content":{"rendered":"<p>O t\u00e9cnico do Paris Saint-Germain, Mauricio Pochettino, est\u00e1 confiante de que Neymar jogar\u00e1 futebol por muitos anos ainda, depois que o atacante brasileiro disse esta semana que a pr\u00f3xima Copa do Mundo pode ser a sua \u00faltima.<img decoding=\"async\" src=\"https:\/\/agenciabrasil.ebc.com.br\/ebc.png?id=1424462&amp;o=node\" \/><img decoding=\"async\" src=\"https:\/\/agenciabrasil.ebc.com.br\/ebc.gif?id=1424462&amp;o=node\" \/><\/p>\n<p>Neymar, de 29 anos, disse em entrevista que o Mundial do Catar pode ser sua \u00faltima apari\u00e7\u00e3o no torneio porque n\u00e3o tem certeza se ter\u00e1 &#8220;condi\u00e7\u00f5es de cabe\u00e7a de aguentar mais futebol&#8221;.<\/p>\n<p>Falando antes do jogo do PSG pela Ligue 1 contra o Angers, na sexta-feira (15), Pochettino disse que os coment\u00e1rios de Neymar foram resultado de uma carreira inteira no centro das aten\u00e7\u00f5es.<\/p>\n<p>\u201cEle \u00e9 um homem sincero, expressa seus sentimentos com rapidez, mas sua for\u00e7a mental, em uma vida que est\u00e1 sob os holofotes h\u00e1 muito tempo, \u00e9 \u00f3tima. Ele sofreu muita press\u00e3o desde pequeno\u201d, disse o argentino. &#8220;\u00c0s vezes as coisas saem do contexto. Neymar adora futebol e tenho certeza que vai jogar por mais anos. N\u00e3o tenho d\u00favidas.&#8221;<\/p>\n<p>Pochettino confirmou que o zagueiro Sergio Ramos ainda n\u00e3o est\u00e1 dispon\u00edvel devido a uma les\u00e3o e vai fazer &#8220;treino individualizado&#8221; por mais dez dias, enquanto espera para disputar sua primeira partida pelo clube depois de chegar do Real Madrid.<\/p>\n<p>\u201cN\u00e3o tenho d\u00favidas de que Ramos vai conseguir encontrar o seu melhor n\u00edvel. A situa\u00e7\u00e3o do Sergio n\u00e3o \u00e9 nada agrad\u00e1vel porque n\u00e3o teve op\u00e7\u00e3o de treinar com os companheiros ou de jogar h\u00e1 muito tempo. Est\u00e1 sofrendo, mas \u00e9 forte e todos no clube est\u00e3o ajudando&#8221;, disse o t\u00e9cnico.<\/p>\n<p><span style=\"font-weight: 400;\">Fonte: Ag\u00eancia Brasil <\/span><\/p>\n","protected":false},"excerpt":{"rendered":"<p>O t\u00e9cnico do Paris Saint-Germain, Mauricio Pochettino, est\u00e1 confiante de que Neymar jogar\u00e1 futebol por muitos anos ainda, depois que o atacante brasileiro disse esta semana que a pr\u00f3xima Copa do Mundo pode ser a sua \u00faltima. Neymar, de 29 anos, disse em entrevista que o Mundial do Catar pode ser sua \u00faltima apari\u00e7\u00e3o no [&hellip;]<\/p>\n","protected":false},"author":246,"featured_media":189661,"comment_status":"closed","ping_status":"closed","sticky":false,"template":"","format":"standard","meta":{"footnotes":""},"categories":[436,257],"tags":[],"class_list":["post-189660","post","type-post","status-publish","format-standard","has-post-thumbnail","hentry","category-destaque-da-semana","category-esporte"],"_links":{"self":[{"href":"https:\/\/diarioregionaldigital.com.br\/index.php?rest_route=\/wp\/v2\/posts\/189660","targetHints":{"allow":["GET"]}}],"collection":[{"href":"https:\/\/diarioregionaldigital.com.br\/index.php?rest_route=\/wp\/v2\/posts"}],"about":[{"href":"https:\/\/diarioregionaldigital.com.br\/index.php?rest_route=\/wp\/v2\/types\/post"}],"author":[{"embeddable":true,"href":"https:\/\/diarioregionaldigital.com.br\/index.php?rest_route=\/wp\/v2\/users\/246"}],"replies":[{"embeddable":true,"href":"https:\/\/diarioregionaldigital.com.br\/index.php?rest_route=%2Fwp%2Fv2%2Fcomments&post=189660"}],"version-history":[{"count":2,"href":"https:\/\/diarioregionaldigital.com.br\/index.php?rest_route=\/wp\/v2\/posts\/189660\/revisions"}],"predecessor-version":[{"id":189663,"href":"https:\/\/diarioregionaldigital.com.br\/index.php?rest_route=\/wp\/v2\/posts\/189660\/revisions\/189663"}],"wp:featuredmedia":[{"embeddable":true,"href":"https:\/\/diarioregionaldigital.com.br\/index.php?rest_route=\/wp\/v2\/media\/189661"}],"wp:attachment":[{"href":"https:\/\/diarioregionaldigital.com.br\/index.php?rest_route=%2Fwp%2Fv2%2Fmedia&parent=189660"}],"wp:term":[{"taxonomy":"category","embeddable":true,"href":"https:\/\/diarioregionaldigital.com.br\/index.php?rest_route=%2Fwp%2Fv2%2Fcategories&post=189660"},{"taxonomy":"post_tag","embeddable":true,"href":"https:\/\/diarioregionaldigital.com.br\/index.php?rest_route=%2Fwp%2Fv2%2Ftags&post=189660"}],"curies":[{"name":"wp","href":"https:\/\/api.w.org\/{rel}","templated":true}]}}