{"id":189657,"date":"2021-10-14T20:07:12","date_gmt":"2021-10-14T23:07:12","guid":{"rendered":"https:\/\/diarioregionaldigital.com.br\/?p=189657"},"modified":"2021-10-14T20:07:12","modified_gmt":"2021-10-14T23:07:12","slug":"volei-sul-americano-masculino-e-cancelado-por-covid-19-no-minas-tenis","status":"publish","type":"post","link":"https:\/\/diarioregionaldigital.com.br\/?p=189657","title":{"rendered":"V\u00f4lei: Sul-Americano masculino \u00e9 cancelado por covid-19 no Minas T\u00eanis"},"content":{"rendered":"<p>O Campeonato Sul-Americano de v\u00f4lei masculino, que ocorreria a partir deste s\u00e1bado (16) em Belo Horizonte, foi cancelado na \u00faltima segunda-feira (11). O evento ocorreria na sede do Minas T\u00eanis Clube que anunciou\u00a0apenas hoje (14), em\u00a0<a href=\"https:\/\/minastenisclube.com.br\/noticias\/volei-masculino-comunicado-sul-americano-de-clubes\/\">nota oficial,<\/a>\u00a0que\u00a0solicitou\u00a0o adiamento do torneio devido a tr\u00eas casos positivos de covid-19, registrados na primeira semana de outubro. No entanto, a\u00a0<a href=\"http:\/\/voleysur.org\/v2\/noticia.asp?id=18806&amp;idC=\">Confedera\u00e7\u00e3o Sul-Americana (CSV)\u00a0<\/a>j\u00e1 decidira pelo cancelamento h\u00e1 tr\u00eas dias.\u00a0<img decoding=\"async\" src=\"https:\/\/agenciabrasil.ebc.com.br\/ebc.png?id=1424499&amp;o=node\" \/><img decoding=\"async\" src=\"https:\/\/agenciabrasil.ebc.com.br\/ebc.gif?id=1424499&amp;o=node\" \/><\/p>\n<p>De acordo com o clube, o\u00a0ponteiro Henrique Honorato, o oposto Michael S\u00e1nchez e o central Juninho foram diagnosticados com covid-19 nos primeiros dias deste m\u00eas.\u00a0Os atletas permanecem em isolamento social e passam bem.<\/p>\n<p>O Sul-Americano, que j\u00e1 havia sido adiado de abril para este m\u00eas, assegura duas vagas para o Mundial de Clubes no fim do ano. Com o cancelamento, a CSV buscar\u00e1 definir junto \u00e0 Federa\u00e7\u00e3o Internacional de V\u00f4lei (FIVB) um novo sistema de classifica\u00e7\u00e3o de equipes do continente para o Mundial.<\/p>\n<p><strong>Sul-Americano Feminino<\/strong><\/p>\n<p>A competi\u00e7\u00e3o feminina segue programada para o per\u00edodo de 21 a 25 de outubro, na sede do Bras\u00edlia V\u00f4lei, no Distrito Federal. Al\u00e9m da equipe anfitri\u00e3, o torneio reunir\u00e1 a atual campe\u00e3 Itamb\u00e9 Minas, a vice Dentil Praia, o Club Ol\u00edmpia (Uruguai) e o San Martin (Bol\u00edvia).\u00a0 Os dois primeiros colocados garantem presen\u00e7a no Mundial de Clubes 2021, em dezembro, na Turquia.<\/p>\n<p><span style=\"font-weight: 400;\"><br \/>\n<\/span><span style=\"font-weight: 400;\">Fonte: Ag\u00eancia Brasil <\/span><\/p>\n","protected":false},"excerpt":{"rendered":"<p>O Campeonato Sul-Americano de v\u00f4lei masculino, que ocorreria a partir deste s\u00e1bado (16) em Belo Horizonte, foi cancelado na \u00faltima segunda-feira (11). O evento ocorreria na sede do Minas T\u00eanis Clube que anunciou\u00a0apenas hoje (14), em\u00a0nota oficial,\u00a0que\u00a0solicitou\u00a0o adiamento do torneio devido a tr\u00eas casos positivos de covid-19, registrados na primeira semana de outubro. No entanto, [&hellip;]<\/p>\n","protected":false},"author":246,"featured_media":189658,"comment_status":"closed","ping_status":"closed","sticky":false,"template":"","format":"standard","meta":{"footnotes":""},"categories":[436,440,257],"tags":[],"class_list":["post-189657","post","type-post","status-publish","format-standard","has-post-thumbnail","hentry","category-destaque-da-semana","category-destaques-do-dia","category-esporte"],"_links":{"self":[{"href":"https:\/\/diarioregionaldigital.com.br\/index.php?rest_route=\/wp\/v2\/posts\/189657","targetHints":{"allow":["GET"]}}],"collection":[{"href":"https:\/\/diarioregionaldigital.com.br\/index.php?rest_route=\/wp\/v2\/posts"}],"about":[{"href":"https:\/\/diarioregionaldigital.com.br\/index.php?rest_route=\/wp\/v2\/types\/post"}],"author":[{"embeddable":true,"href":"https:\/\/diarioregionaldigital.com.br\/index.php?rest_route=\/wp\/v2\/users\/246"}],"replies":[{"embeddable":true,"href":"https:\/\/diarioregionaldigital.com.br\/index.php?rest_route=%2Fwp%2Fv2%2Fcomments&post=189657"}],"version-history":[{"count":1,"href":"https:\/\/diarioregionaldigital.com.br\/index.php?rest_route=\/wp\/v2\/posts\/189657\/revisions"}],"predecessor-version":[{"id":189659,"href":"https:\/\/diarioregionaldigital.com.br\/index.php?rest_route=\/wp\/v2\/posts\/189657\/revisions\/189659"}],"wp:featuredmedia":[{"embeddable":true,"href":"https:\/\/diarioregionaldigital.com.br\/index.php?rest_route=\/wp\/v2\/media\/189658"}],"wp:attachment":[{"href":"https:\/\/diarioregionaldigital.com.br\/index.php?rest_route=%2Fwp%2Fv2%2Fmedia&parent=189657"}],"wp:term":[{"taxonomy":"category","embeddable":true,"href":"https:\/\/diarioregionaldigital.com.br\/index.php?rest_route=%2Fwp%2Fv2%2Fcategories&post=189657"},{"taxonomy":"post_tag","embeddable":true,"href":"https:\/\/diarioregionaldigital.com.br\/index.php?rest_route=%2Fwp%2Fv2%2Ftags&post=189657"}],"curies":[{"name":"wp","href":"https:\/\/api.w.org\/{rel}","templated":true}]}}