{"id":189322,"date":"2021-10-06T18:35:14","date_gmt":"2021-10-06T21:35:14","guid":{"rendered":"https:\/\/diarioregionaldigital.com.br\/?p=189322"},"modified":"2021-10-06T18:35:14","modified_gmt":"2021-10-06T21:35:14","slug":"rj-inicia-nova-concessao-do-maracana-com-gestao-de-ate-25-anos","status":"publish","type":"post","link":"https:\/\/diarioregionaldigital.com.br\/?p=189322","title":{"rendered":"RJ inicia nova concess\u00e3o do Maracan\u00e3, com gest\u00e3o de at\u00e9 25 anos"},"content":{"rendered":"<p>O governo do estado do Rio de Janeiro deu a largada para a nova concess\u00e3o do Est\u00e1dio Jornalista M\u00e1rio Filho, o Maracan\u00e3, com a publica\u00e7\u00e3o nesta quarta-feira (6), no Di\u00e1rio Oficial, do edital e minuta do contrato para consulta. O prazo de concess\u00e3o ser\u00e1 de 20 anos, podendo ser prorrogado por mais cinco, e o valor estimado do contrato \u00e9 de R$ 2 bilh\u00f5es. A previs\u00e3o \u00e9 de que o processo seja conclu\u00eddo at\u00e9 fevereiro do ano que vem.\u00a0<img decoding=\"async\" src=\"https:\/\/agenciabrasil.ebc.com.br\/ebc.png?id=1423743&amp;o=node\" \/><img decoding=\"async\" src=\"https:\/\/agenciabrasil.ebc.com.br\/ebc.gif?id=1423743&amp;o=node\" \/><\/p>\n<p>Uma audi\u00eancia p\u00fablica ocorrer\u00e1 no pr\u00f3ximo dia 27 para que a sociedade civil possa se manifestar e propor sugest\u00f5es ao modelo do processo. A audi\u00eancia est\u00e1 programada para \u00e0s 14h, no audit\u00f3rio da Secretaria da Casa Civil, no Pal\u00e1cio da Guanabara, no bairro de Laranjeiras, zona Sul da capital. Todas as informa\u00e7\u00f5es podem ser acessadas no site\u00a0<a href=\"https:\/\/www.concessaomaracana.rj.gov.br\/\">Concess\u00e3o Maracan\u00e3<\/a>.<\/p>\n<p>Entre as obrigatoriedades previstas no edital, est\u00e1 a comprova\u00e7\u00e3o t\u00e9cnica\u00a0 por parte do licitante de realiza\u00e7\u00e3o m\u00ednima de 70 jogos das principais competi\u00e7\u00f5es de futebol no est\u00e1dio &#8211; incluindo partidas de campeonatos nacionais e continentais -, e outros 12 eventos esportivos no Gin\u00e1sio Gilberto Cardoso, mais conhecido como Maracan\u00e3zinho, que faz parte do complexo.<\/p>\n<p>&#8211; O complexo do Maracan\u00e3 \u00e9 muito mais que um polo esportivo, ele \u00e9 s\u00edmbolo do turismo, do entretenimento e at\u00e9 da cultura do nosso estado. Esse processo de concess\u00e3o est\u00e1 sendo feito com a maior transpar\u00eancia e seguindo todos os prazos legais, para garantir que o Maracan\u00e3 continue sendo um dos equipamentos mais importantes do Rio de Janeiro e do pa\u00eds &#8211; afirmou o governador Cl\u00e1udio Castro, em nota oficial.<\/p>\n<p>Atualmente o est\u00e1dio do Maracan\u00e3 \u00e9 gerido conjuntamente por Flamengo e Fluminense, por meio do Termo de Permiss\u00e3o de Uso (TPU), que vem sendo renovado a cada seis meses desde abril de 2019.<\/p>\n<p><span style=\"font-weight: 400;\">Fonte: Ag\u00eancia Brasil <\/span><\/p>\n","protected":false},"excerpt":{"rendered":"<p>O governo do estado do Rio de Janeiro deu a largada para a nova concess\u00e3o do Est\u00e1dio Jornalista M\u00e1rio Filho, o Maracan\u00e3, com a publica\u00e7\u00e3o nesta quarta-feira (6), no Di\u00e1rio Oficial, do edital e minuta do contrato para consulta. O prazo de concess\u00e3o ser\u00e1 de 20 anos, podendo ser prorrogado por mais cinco, e o [&hellip;]<\/p>\n","protected":false},"author":246,"featured_media":189323,"comment_status":"closed","ping_status":"closed","sticky":false,"template":"","format":"standard","meta":{"footnotes":""},"categories":[436,257],"tags":[],"class_list":["post-189322","post","type-post","status-publish","format-standard","has-post-thumbnail","hentry","category-destaque-da-semana","category-esporte"],"_links":{"self":[{"href":"https:\/\/diarioregionaldigital.com.br\/index.php?rest_route=\/wp\/v2\/posts\/189322","targetHints":{"allow":["GET"]}}],"collection":[{"href":"https:\/\/diarioregionaldigital.com.br\/index.php?rest_route=\/wp\/v2\/posts"}],"about":[{"href":"https:\/\/diarioregionaldigital.com.br\/index.php?rest_route=\/wp\/v2\/types\/post"}],"author":[{"embeddable":true,"href":"https:\/\/diarioregionaldigital.com.br\/index.php?rest_route=\/wp\/v2\/users\/246"}],"replies":[{"embeddable":true,"href":"https:\/\/diarioregionaldigital.com.br\/index.php?rest_route=%2Fwp%2Fv2%2Fcomments&post=189322"}],"version-history":[{"count":1,"href":"https:\/\/diarioregionaldigital.com.br\/index.php?rest_route=\/wp\/v2\/posts\/189322\/revisions"}],"predecessor-version":[{"id":189324,"href":"https:\/\/diarioregionaldigital.com.br\/index.php?rest_route=\/wp\/v2\/posts\/189322\/revisions\/189324"}],"wp:featuredmedia":[{"embeddable":true,"href":"https:\/\/diarioregionaldigital.com.br\/index.php?rest_route=\/wp\/v2\/media\/189323"}],"wp:attachment":[{"href":"https:\/\/diarioregionaldigital.com.br\/index.php?rest_route=%2Fwp%2Fv2%2Fmedia&parent=189322"}],"wp:term":[{"taxonomy":"category","embeddable":true,"href":"https:\/\/diarioregionaldigital.com.br\/index.php?rest_route=%2Fwp%2Fv2%2Fcategories&post=189322"},{"taxonomy":"post_tag","embeddable":true,"href":"https:\/\/diarioregionaldigital.com.br\/index.php?rest_route=%2Fwp%2Fv2%2Ftags&post=189322"}],"curies":[{"name":"wp","href":"https:\/\/api.w.org\/{rel}","templated":true}]}}